{"id":25445,"date":"2022-10-18T22:05:42","date_gmt":"2022-10-19T01:05:42","guid":{"rendered":"https:\/\/www.oparanews.com.br\/?p=25445"},"modified":"2022-10-18T22:10:17","modified_gmt":"2022-10-19T01:10:17","slug":"as-comemoracoes-alusivas-ao-dia-do-servidor-publico-celebradas-em-28-de-outubro-foram-antecipadas-no-municipio-de-penedo-para-a-proxima-segunda-feira-24-a-decisao-que-visa-gerar-economicidade-ma","status":"publish","type":"post","link":"https:\/\/www.oparanews.com.br\/index.php\/2022\/10\/18\/as-comemoracoes-alusivas-ao-dia-do-servidor-publico-celebradas-em-28-de-outubro-foram-antecipadas-no-municipio-de-penedo-para-a-proxima-segunda-feira-24-a-decisao-que-visa-gerar-economicidade-ma\/","title":{"rendered":"Prefeitura de Penedo antecipa ponto facultativo para o Dia do Servidor P\u00fablico"},"content":{"rendered":"<p>As comemora\u00e7\u00f5es alusivas ao Dia do Servidor P\u00fablico, celebradas em 28 de outubro, foram antecipadas no munic\u00edpio de Penedo para a pr\u00f3xima segunda-feira, 24.<\/p>\n<p>&nbsp;<\/p>\n<p>A decis\u00e3o que visa gerar economicidade, mantendo-se os servi\u00e7os essenciais, constam no Decreto Municipal assinado pelo Prefeito Ronaldo Lopes nesta ter\u00e7a-feira, 18.<\/p>\n<p>&nbsp;<\/p>\n<p>A antecipa\u00e7\u00e3o do feriado, com o respectivo ponto facultativo, tamb\u00e9m \u00e9 fundamentada na necessidade de promover atos administrativos que preservem a efici\u00eancia, ao tempo em que reduz gastos com o funcionamento de setores da Prefeitura de Penedo.<\/p>\n<p>&nbsp;<\/p>\n<p>&nbsp;<\/p>\n<p><strong>Fonte: Secom PMP<\/strong><!--\/data\/user\/0\/com.samsung.android.app.notes\/files\/clipdata\/clipdata_bodytext_221018_220332_064.sdocx--><\/p>\n<p>&nbsp;<\/p>\n","protected":false},"excerpt":{"rendered":"<p>As comemora\u00e7\u00f5es alusivas ao Dia do Servidor P\u00fablico, celebradas em 28 de outubro, foram antecipadas no munic\u00edpio de Penedo para a pr\u00f3xima segunda-feira, 24. &nbsp; A decis\u00e3o que visa gerar economicidade, mantendo-se os servi\u00e7os essenciais, constam no Decreto Municipal assinado pelo Prefeito Ronaldo Lopes nesta ter\u00e7a-feira, 18. &nbsp; A antecipa\u00e7\u00e3o do feriado, com o respectivo &hellip;<\/p>\n","protected":false},"author":2,"featured_media":25446,"comment_status":"open","ping_status":"open","sticky":false,"template":"","format":"standard","meta":{"_jetpack_memberships_contains_paid_content":false,"footnotes":""},"categories":[1,3],"tags":[],"class_list":["post-25445","post","type-post","status-publish","format-standard","has-post-thumbnail","hentry","category-destaque","category-penedo"],"jetpack_featured_media_url":"https:\/\/www.oparanews.com.br\/wp-content\/uploads\/2022\/10\/sede-pmp.jpeg","jetpack_sharing_enabled":true,"_links":{"self":[{"href":"https:\/\/www.oparanews.com.br\/index.php\/wp-json\/wp\/v2\/posts\/25445","targetHints":{"allow":["GET"]}}],"collection":[{"href":"https:\/\/www.oparanews.com.br\/index.php\/wp-json\/wp\/v2\/posts"}],"about":[{"href":"https:\/\/www.oparanews.com.br\/index.php\/wp-json\/wp\/v2\/types\/post"}],"author":[{"embeddable":true,"href":"https:\/\/www.oparanews.com.br\/index.php\/wp-json\/wp\/v2\/users\/2"}],"replies":[{"embeddable":true,"href":"https:\/\/www.oparanews.com.br\/index.php\/wp-json\/wp\/v2\/comments?post=25445"}],"version-history":[{"count":3,"href":"https:\/\/www.oparanews.com.br\/index.php\/wp-json\/wp\/v2\/posts\/25445\/revisions"}],"predecessor-version":[{"id":25450,"href":"https:\/\/www.oparanews.com.br\/index.php\/wp-json\/wp\/v2\/posts\/25445\/revisions\/25450"}],"wp:featuredmedia":[{"embeddable":true,"href":"https:\/\/www.oparanews.com.br\/index.php\/wp-json\/wp\/v2\/media\/25446"}],"wp:attachment":[{"href":"https:\/\/www.oparanews.com.br\/index.php\/wp-json\/wp\/v2\/media?parent=25445"}],"wp:term":[{"taxonomy":"category","embeddable":true,"href":"https:\/\/www.oparanews.com.br\/index.php\/wp-json\/wp\/v2\/categories?post=25445"},{"taxonomy":"post_tag","embeddable":true,"href":"https:\/\/www.oparanews.com.br\/index.php\/wp-json\/wp\/v2\/tags?post=25445"}],"curies":[{"name":"wp","href":"https:\/\/api.w.org\/{rel}","templated":true}]}}