{"id":25451,"date":"2022-10-18T22:18:11","date_gmt":"2022-10-19T01:18:11","guid":{"rendered":"https:\/\/www.oparanews.com.br\/?p=25451"},"modified":"2022-10-18T22:18:34","modified_gmt":"2022-10-19T01:18:34","slug":"secretaria-de-saude-de-penedo-lanca-programacao-especial-do-outubro-rosa","status":"publish","type":"post","link":"https:\/\/www.oparanews.com.br\/index.php\/2022\/10\/18\/secretaria-de-saude-de-penedo-lanca-programacao-especial-do-outubro-rosa\/","title":{"rendered":"Secretaria de Sa\u00fade de Penedo lan\u00e7a programa\u00e7\u00e3o especial do Outubro Rosa"},"content":{"rendered":"<p>As unidades de sa\u00fade de Penedo prepararam uma programa\u00e7\u00e3o especial para a campanha Outubro Rosa, que visa a conscientizar as mulheres e a sociedade sobre a import\u00e2ncia da preven\u00e7\u00e3o e do diagn\u00f3stico precoce do c\u00e2ncer de mama e o c\u00e2ncer de colo do \u00fatero.<\/p>\n<p>&nbsp;<\/p>\n<p>&nbsp;<\/p>\n<p>Durante toda a semana, de 18 a 21 de outubro, a Secretaria de Sa\u00fade da Prefeitura de Penedo disponibiliza na rede b\u00e1sica de aten\u00e7\u00e3o consultas, teste r\u00e1pido, citologia, al\u00e9m de palestras e a solicita\u00e7\u00e3o de mamografia para mulheres de 50 a 69 anos.<\/p>\n<p>&nbsp;<\/p>\n<p><a href=\"http:\/\/www.oparanews.com.br\/wp-content\/uploads\/2022\/10\/outubro-rosa-penedo-1.jpeg\"><img loading=\"lazy\" decoding=\"async\" class=\"aligncenter size-full wp-image-25452\" src=\"http:\/\/www.oparanews.com.br\/wp-content\/uploads\/2022\/10\/outubro-rosa-penedo-1.jpeg\" alt=\"\" width=\"1080\" height=\"1080\" srcset=\"https:\/\/www.oparanews.com.br\/wp-content\/uploads\/2022\/10\/outubro-rosa-penedo-1.jpeg 1080w, https:\/\/www.oparanews.com.br\/wp-content\/uploads\/2022\/10\/outubro-rosa-penedo-1-300x300.jpeg 300w, https:\/\/www.oparanews.com.br\/wp-content\/uploads\/2022\/10\/outubro-rosa-penedo-1-1024x1024.jpeg 1024w, https:\/\/www.oparanews.com.br\/wp-content\/uploads\/2022\/10\/outubro-rosa-penedo-1-150x150.jpeg 150w, https:\/\/www.oparanews.com.br\/wp-content\/uploads\/2022\/10\/outubro-rosa-penedo-1-768x768.jpeg 768w\" sizes=\"auto, (max-width: 1080px) 100vw, 1080px\" \/><\/a><\/p>\n<p>&nbsp;<\/p>\n<p>Al\u00e9m disso, a Secretaria Municipal de Sa\u00fade (SEMS) entrega os resultados das mamografias que foram feitas na Carreta do Amor e j\u00e1 est\u00e3o dispon\u00edveis para as pacientes no audit\u00f3rio do 3\u00ba Centro de Sa\u00fade, o antigo SESP, provando que o cuidado com a sa\u00fade da mulher \u00e9 o ano inteiro.<\/p>\n<p>&nbsp;<\/p>\n<p>&nbsp;<\/p>\n<p>&nbsp;<\/p>\n<p><b>por Gabriela Flores \u2013 SEMS Penedo<\/b><!--\/data\/user\/0\/com.samsung.android.app.notes\/files\/clipdata\/clipdata_bodytext_221018_221535_135.sdocx--><\/p>\n<p>&nbsp;<\/p>\n","protected":false},"excerpt":{"rendered":"<p>As unidades de sa\u00fade de Penedo prepararam uma programa\u00e7\u00e3o especial para a campanha Outubro Rosa, que visa a conscientizar as mulheres e a sociedade sobre a import\u00e2ncia da preven\u00e7\u00e3o e do diagn\u00f3stico precoce do c\u00e2ncer de mama e o c\u00e2ncer de colo do \u00fatero. &nbsp; &nbsp; Durante toda a semana, de 18 a 21 de &hellip;<\/p>\n","protected":false},"author":2,"featured_media":25453,"comment_status":"open","ping_status":"open","sticky":false,"template":"","format":"standard","meta":{"_jetpack_memberships_contains_paid_content":false,"footnotes":""},"categories":[1,3],"tags":[],"class_list":["post-25451","post","type-post","status-publish","format-standard","has-post-thumbnail","hentry","category-destaque","category-penedo"],"jetpack_featured_media_url":"https:\/\/www.oparanews.com.br\/wp-content\/uploads\/2022\/10\/mamografia-centro-diagnostico-penedo.jpeg","jetpack_sharing_enabled":true,"_links":{"self":[{"href":"https:\/\/www.oparanews.com.br\/index.php\/wp-json\/wp\/v2\/posts\/25451","targetHints":{"allow":["GET"]}}],"collection":[{"href":"https:\/\/www.oparanews.com.br\/index.php\/wp-json\/wp\/v2\/posts"}],"about":[{"href":"https:\/\/www.oparanews.com.br\/index.php\/wp-json\/wp\/v2\/types\/post"}],"author":[{"embeddable":true,"href":"https:\/\/www.oparanews.com.br\/index.php\/wp-json\/wp\/v2\/users\/2"}],"replies":[{"embeddable":true,"href":"https:\/\/www.oparanews.com.br\/index.php\/wp-json\/wp\/v2\/comments?post=25451"}],"version-history":[{"count":2,"href":"https:\/\/www.oparanews.com.br\/index.php\/wp-json\/wp\/v2\/posts\/25451\/revisions"}],"predecessor-version":[{"id":25455,"href":"https:\/\/www.oparanews.com.br\/index.php\/wp-json\/wp\/v2\/posts\/25451\/revisions\/25455"}],"wp:featuredmedia":[{"embeddable":true,"href":"https:\/\/www.oparanews.com.br\/index.php\/wp-json\/wp\/v2\/media\/25453"}],"wp:attachment":[{"href":"https:\/\/www.oparanews.com.br\/index.php\/wp-json\/wp\/v2\/media?parent=25451"}],"wp:term":[{"taxonomy":"category","embeddable":true,"href":"https:\/\/www.oparanews.com.br\/index.php\/wp-json\/wp\/v2\/categories?post=25451"},{"taxonomy":"post_tag","embeddable":true,"href":"https:\/\/www.oparanews.com.br\/index.php\/wp-json\/wp\/v2\/tags?post=25451"}],"curies":[{"name":"wp","href":"https:\/\/api.w.org\/{rel}","templated":true}]}}