{"id":25462,"date":"2022-10-20T12:10:46","date_gmt":"2022-10-20T15:10:46","guid":{"rendered":"https:\/\/www.oparanews.com.br\/?p=25462"},"modified":"2022-10-20T12:12:35","modified_gmt":"2022-10-20T15:12:35","slug":"guilherme-arantes-emociona-publico-na-abertura-do-festival-de-musica-de-penedo","status":"publish","type":"post","link":"https:\/\/www.oparanews.com.br\/index.php\/2022\/10\/20\/guilherme-arantes-emociona-publico-na-abertura-do-festival-de-musica-de-penedo\/","title":{"rendered":"Guilherme Arantes emociona p\u00fablico na abertura do Festival de M\u00fasica de Penedo"},"content":{"rendered":"<p>A abertura do Festival de M\u00fasica de Penedo emocionou o p\u00fablico que lotou o Centro de Conven\u00e7\u00f5es e Eventos Comendador Zeca Peixoto, o antigo Cinema S\u00e3o Francisco, na noite desta quarta-feira, 19 de outubro.<\/p>\n<p>&nbsp;<\/p>\n<p>As m\u00fasicas mais tocadas nas FMs durante a d\u00e9cada de 1980 est\u00e3o no repert\u00f3rio do show que leva a plateia ao encontro do artista que teve sua carreira projetada gra\u00e7as aos festivais.<\/p>\n<p>&nbsp;<\/p>\n<p>\u201cEu fui muito beneficiado por essa cultura do festival no in\u00edcio dos anos 80\u201d, relembra Guilherme Arantes, mencionando sua participa\u00e7\u00e3o nos eventos realizados por emissoras de televis\u00e3o. O incentivo ao trabalho autoral tamb\u00e9m est\u00e1 na programa\u00e7\u00e3o do Festival de M\u00f9sica de Penedo, com a primeira Mostra de M\u00fasica Autoral Velho Chico.<\/p>\n<p>&nbsp;<\/p>\n<p>Pela primeira vez, um edital foi inclu\u00eddo na programa\u00e7\u00e3o do trabalho realizado pela UFAL, Governo de Alagoas, Prefeitura de Penedo, com patroc\u00ednio do Sebare e apoio de entidades ligadas \u00e0 m\u00fasica, universidades e empresas privadas.<\/p>\n<p>&nbsp;<\/p>\n<p>Os artistas selecionados apresentam sua arte a partir das 17 horas de amanh\u00e3 (sexta, 21), no Centro de Conven\u00e7\u00f5es. No mesmo palco, o saxofonista Derico Sciotti (conhecido do p\u00fablico em geral por fazer parte do Quinteto do J\u00f4) e o guitarrista Ricardo Lopes fecham a programa\u00e7\u00e3o do festival que termina no s\u00e1bado, 22.<\/p>\n<p>&nbsp;<\/p>\n<p>Sobre quem est\u00e1 iniciando a carreira art\u00edstica, Guilherme Arantes aconselha a ter muita personalidade e resili\u00eancia, produzindo com amor e tes\u00e3o \u201cporque a fama \u00e9 fugaz e o imediatismo deve ser enxergado por muito reserva pelos novos, frisando a necessidade de se cultivar poesia e m\u00fasica.<\/p>\n<p>&nbsp;<\/p>\n<p>O m\u00fasico tamb\u00e9m falou sobre Penedo ap\u00f3s o show. \u201cEssa cidade \u00e9 muito emblem\u00e1tica e pra mim \u00e9 uma honra e um prazer muito grande ser convidado para abrir o festival. Foi a primeira vez que eu me deparei com o s\u00edtio hist\u00f3rico, a cidade \u00e9 maravilhosa, iluminada, limpa, arrumada, aqui \u00e9 um show, e a gente fica muito feliz por encontrar o rio S\u00e3o Francisco, \u00e9 motivo de muita emo\u00e7\u00e3o porque essa regi\u00e3o \u00e9 muito importante para a nossa identidade e a gente vem pro festival super motivado\u201d, afirmou Guilherme Arantes.<\/p>\n<p>&nbsp;<\/p>\n<p>O Festival de M\u00fasica de Penedo reserva para esta quinta-feira, 20, concerto da Orquestra de Meninos de S\u00e3o Caetano-PE para estudantes da rede p\u00fablica municipal no Centro de Conven\u00e7\u00f5es Zeca Peixoto, a partir 15 horas.<\/p>\n<p>&nbsp;<\/p>\n<p>No mesmo hor\u00e1rio, o 3\u00ba F\u00f3rum Alagoano de Educa\u00e7\u00e3o Musical e 5\u00ba Encontro CEMUPE de Musicologia acontecem no audit\u00f3rio da Casa de Aposentadoria, com apresenta\u00e7\u00e3o do Dueto Samuel Pompeo (sax) e Thomas Garcia (viol\u00e3o).<\/p>\n<p>&nbsp;<\/p>\n<p>Logo mais \u00e0 noite, o jazz toma conta do Largo S\u00e3o Gon\u00e7alo, onde o grupo baiano Garagem<\/p>\n<p>&nbsp;<\/p>\n<p>e Duo Jazz Gundam se apresentam no espa\u00e7o aberto ao p\u00fablico, pr\u00f3ximo do Theatro 7 de Setembro, local do lan\u00e7amento de cinco livros do selo Cemupe (Centro de Musicologia de Penedo), com a presen\u00e7a de autores dos t\u00edtulos \u201cOs dobrados de Aquino Japiass\u00fa\u201d, de Marcos Moreira e Jo\u00e3o Paulo Cruz; \u201cHarmonia para guitarra\u201d, de Ricardo Lopes; \u201c\u00c1lbum de armia\u201d, de Alberto Jos\u00e9 Pacheco e Rodrigo Costa; e \u201cLunga\u201d, de Luiz Almeida.<\/p>\n<p>&nbsp;<\/p>\n<p>&nbsp;<\/p>\n<p>&nbsp;<\/p>\n<p><strong>por Fernando Vin\u00edcius\/Secom PMP<\/strong><\/p>\n<p>&nbsp;<\/p>\n<p>&nbsp;<\/p>\n<p><a href=\"http:\/\/www.oparanews.com.br\/wp-content\/uploads\/2022\/10\/show-guilherme-arantes-festival-musica-penedo-foto-deywisson-duarte-10-1068x712-1.jpeg\"><img loading=\"lazy\" decoding=\"async\" class=\"alignleft size-medium wp-image-25467\" src=\"http:\/\/www.oparanews.com.br\/wp-content\/uploads\/2022\/10\/show-guilherme-arantes-festival-musica-penedo-foto-deywisson-duarte-10-1068x712-1-300x200.jpeg\" alt=\"\" width=\"300\" height=\"200\" srcset=\"https:\/\/www.oparanews.com.br\/wp-content\/uploads\/2022\/10\/show-guilherme-arantes-festival-musica-penedo-foto-deywisson-duarte-10-1068x712-1-300x200.jpeg 300w, https:\/\/www.oparanews.com.br\/wp-content\/uploads\/2022\/10\/show-guilherme-arantes-festival-musica-penedo-foto-deywisson-duarte-10-1068x712-1-1024x683.jpeg 1024w, https:\/\/www.oparanews.com.br\/wp-content\/uploads\/2022\/10\/show-guilherme-arantes-festival-musica-penedo-foto-deywisson-duarte-10-1068x712-1-768x512.jpeg 768w, https:\/\/www.oparanews.com.br\/wp-content\/uploads\/2022\/10\/show-guilherme-arantes-festival-musica-penedo-foto-deywisson-duarte-10-1068x712-1.jpeg 1068w\" sizes=\"auto, (max-width: 300px) 100vw, 300px\" \/><\/a><a href=\"http:\/\/www.oparanews.com.br\/wp-content\/uploads\/2022\/10\/show-guilherme-arantes-festival-musica-penedo-foto-deywisson-duarte-3-1068x712-1.jpeg\"><img loading=\"lazy\" decoding=\"async\" class=\"alignleft size-medium wp-image-25465\" src=\"http:\/\/www.oparanews.com.br\/wp-content\/uploads\/2022\/10\/show-guilherme-arantes-festival-musica-penedo-foto-deywisson-duarte-3-1068x712-1-300x200.jpeg\" alt=\"\" width=\"300\" height=\"200\" srcset=\"https:\/\/www.oparanews.com.br\/wp-content\/uploads\/2022\/10\/show-guilherme-arantes-festival-musica-penedo-foto-deywisson-duarte-3-1068x712-1-300x200.jpeg 300w, https:\/\/www.oparanews.com.br\/wp-content\/uploads\/2022\/10\/show-guilherme-arantes-festival-musica-penedo-foto-deywisson-duarte-3-1068x712-1-1024x683.jpeg 1024w, https:\/\/www.oparanews.com.br\/wp-content\/uploads\/2022\/10\/show-guilherme-arantes-festival-musica-penedo-foto-deywisson-duarte-3-1068x712-1-768x512.jpeg 768w, https:\/\/www.oparanews.com.br\/wp-content\/uploads\/2022\/10\/show-guilherme-arantes-festival-musica-penedo-foto-deywisson-duarte-3-1068x712-1.jpeg 1068w\" sizes=\"auto, (max-width: 300px) 100vw, 300px\" \/><\/a> <a href=\"http:\/\/www.oparanews.com.br\/wp-content\/uploads\/2022\/10\/show-guilherme-arantes-festival-musica-penedo-foto-deywisson-duarte-2-1068x712-1.jpeg\"><img loading=\"lazy\" decoding=\"async\" class=\"alignleft size-medium wp-image-25464\" src=\"http:\/\/www.oparanews.com.br\/wp-content\/uploads\/2022\/10\/show-guilherme-arantes-festival-musica-penedo-foto-deywisson-duarte-2-1068x712-1-300x200.jpeg\" alt=\"\" width=\"300\" height=\"200\" srcset=\"https:\/\/www.oparanews.com.br\/wp-content\/uploads\/2022\/10\/show-guilherme-arantes-festival-musica-penedo-foto-deywisson-duarte-2-1068x712-1-300x200.jpeg 300w, https:\/\/www.oparanews.com.br\/wp-content\/uploads\/2022\/10\/show-guilherme-arantes-festival-musica-penedo-foto-deywisson-duarte-2-1068x712-1-1024x683.jpeg 1024w, https:\/\/www.oparanews.com.br\/wp-content\/uploads\/2022\/10\/show-guilherme-arantes-festival-musica-penedo-foto-deywisson-duarte-2-1068x712-1-768x512.jpeg 768w, https:\/\/www.oparanews.com.br\/wp-content\/uploads\/2022\/10\/show-guilherme-arantes-festival-musica-penedo-foto-deywisson-duarte-2-1068x712-1.jpeg 1068w\" sizes=\"auto, (max-width: 300px) 100vw, 300px\" \/><\/a> <a href=\"http:\/\/www.oparanews.com.br\/wp-content\/uploads\/2022\/10\/show-guilherme-arantes-festival-musica-penedo-foto-deywisson-duarte-1.jpg\"><img loading=\"lazy\" decoding=\"async\" class=\"alignleft size-medium wp-image-25463\" src=\"http:\/\/www.oparanews.com.br\/wp-content\/uploads\/2022\/10\/show-guilherme-arantes-festival-musica-penedo-foto-deywisson-duarte-1-300x200.jpg\" alt=\"\" width=\"300\" height=\"200\" srcset=\"https:\/\/www.oparanews.com.br\/wp-content\/uploads\/2022\/10\/show-guilherme-arantes-festival-musica-penedo-foto-deywisson-duarte-1-300x200.jpg 300w, https:\/\/www.oparanews.com.br\/wp-content\/uploads\/2022\/10\/show-guilherme-arantes-festival-musica-penedo-foto-deywisson-duarte-1-768x512.jpg 768w, https:\/\/www.oparanews.com.br\/wp-content\/uploads\/2022\/10\/show-guilherme-arantes-festival-musica-penedo-foto-deywisson-duarte-1.jpg 900w\" sizes=\"auto, (max-width: 300px) 100vw, 300px\" \/><\/a><\/p>\n<p>&nbsp;<\/p>\n<p>&nbsp;<\/p>\n<p>&nbsp;<\/p>\n<p>&nbsp;<\/p>\n<p>&nbsp;<\/p>\n<p>&nbsp;<\/p>\n<p>&nbsp;<\/p>\n<p>&nbsp;<\/p>\n<p>&nbsp;<\/p>\n<p>&nbsp;<\/p>\n<p>&nbsp;<\/p>\n<p>&nbsp;<\/p>\n<p>&nbsp;<\/p>\n<p>&nbsp;<\/p>\n<p>&nbsp;<\/p>\n","protected":false},"excerpt":{"rendered":"<p>A abertura do Festival de M\u00fasica de Penedo emocionou o p\u00fablico que lotou o Centro de Conven\u00e7\u00f5es e Eventos Comendador Zeca Peixoto, o antigo Cinema S\u00e3o Francisco, na noite desta quarta-feira, 19 de outubro. &nbsp; As m\u00fasicas mais tocadas nas FMs durante a d\u00e9cada de 1980 est\u00e3o no repert\u00f3rio do show que leva a plateia &hellip;<\/p>\n","protected":false},"author":2,"featured_media":25466,"comment_status":"open","ping_status":"open","sticky":false,"template":"","format":"standard","meta":{"_jetpack_memberships_contains_paid_content":false,"footnotes":""},"categories":[1,3],"tags":[],"class_list":["post-25462","post","type-post","status-publish","format-standard","has-post-thumbnail","hentry","category-destaque","category-penedo"],"jetpack_featured_media_url":"https:\/\/www.oparanews.com.br\/wp-content\/uploads\/2022\/10\/show-guilherme-arantes-festival-musica-penedo-foto-deywisson-duarte-capa.jpeg","jetpack_sharing_enabled":true,"_links":{"self":[{"href":"https:\/\/www.oparanews.com.br\/index.php\/wp-json\/wp\/v2\/posts\/25462","targetHints":{"allow":["GET"]}}],"collection":[{"href":"https:\/\/www.oparanews.com.br\/index.php\/wp-json\/wp\/v2\/posts"}],"about":[{"href":"https:\/\/www.oparanews.com.br\/index.php\/wp-json\/wp\/v2\/types\/post"}],"author":[{"embeddable":true,"href":"https:\/\/www.oparanews.com.br\/index.php\/wp-json\/wp\/v2\/users\/2"}],"replies":[{"embeddable":true,"href":"https:\/\/www.oparanews.com.br\/index.php\/wp-json\/wp\/v2\/comments?post=25462"}],"version-history":[{"count":6,"href":"https:\/\/www.oparanews.com.br\/index.php\/wp-json\/wp\/v2\/posts\/25462\/revisions"}],"predecessor-version":[{"id":25473,"href":"https:\/\/www.oparanews.com.br\/index.php\/wp-json\/wp\/v2\/posts\/25462\/revisions\/25473"}],"wp:featuredmedia":[{"embeddable":true,"href":"https:\/\/www.oparanews.com.br\/index.php\/wp-json\/wp\/v2\/media\/25466"}],"wp:attachment":[{"href":"https:\/\/www.oparanews.com.br\/index.php\/wp-json\/wp\/v2\/media?parent=25462"}],"wp:term":[{"taxonomy":"category","embeddable":true,"href":"https:\/\/www.oparanews.com.br\/index.php\/wp-json\/wp\/v2\/categories?post=25462"},{"taxonomy":"post_tag","embeddable":true,"href":"https:\/\/www.oparanews.com.br\/index.php\/wp-json\/wp\/v2\/tags?post=25462"}],"curies":[{"name":"wp","href":"https:\/\/api.w.org\/{rel}","templated":true}]}}