{"id":25477,"date":"2022-10-21T14:21:07","date_gmt":"2022-10-21T17:21:07","guid":{"rendered":"https:\/\/www.oparanews.com.br\/?p=25477"},"modified":"2022-10-21T14:21:07","modified_gmt":"2022-10-21T17:21:07","slug":"prefeitura-de-penedo-publica-pdv-dos-servidores-do-saae-no-diario-oficial","status":"publish","type":"post","link":"https:\/\/www.oparanews.com.br\/index.php\/2022\/10\/21\/prefeitura-de-penedo-publica-pdv-dos-servidores-do-saae-no-diario-oficial\/","title":{"rendered":"Prefeitura de Penedo publica PDV dos servidores do SAAE no Di\u00e1rio Oficial"},"content":{"rendered":"<p>O Plano de Desligamento Volunt\u00e1rio (PDV) para o pessoal efetivo do Servi\u00e7o Aut\u00f4nomo de \u00c1gua e Esgoto (SAAE) da Prefeitura de Penedo est\u00e1 publicado no Di\u00e1rio Oficial do Munic\u00edpio nesta quinta-feira, 20.<\/p>\n<p>&nbsp;<\/p>\n<p>A oficializa\u00e7\u00e3o do PDV do SAAE \u00e9 consequ\u00eancia do di\u00e1logo aberto pelo Prefeito Ronaldo Lopes com os servidores da autarquia, vereadores e os sindicatos que representam trabalhadores estatut\u00e1rios e celetistas.<\/p>\n<p>&nbsp;<\/p>\n<p>O entendimento resultou em avan\u00e7os para os trabalhadores e trabalhadoras, especialmente aos que reivindicaram a institui\u00e7\u00e3o do PDV para encerrar o v\u00ednculo com a administra\u00e7\u00e3o p\u00fablica, recebendo a devida indeniza\u00e7\u00e3o trabalhista.<\/p>\n<p>&nbsp;<\/p>\n<p>Para o servidor estatut\u00e1rio efetivo, o valor a ser pago equivale ao total de 70 sal\u00e1rios e para o celetista concursado estabilizado e concursado a soma de 50 sal\u00e1rios, tendo como refer\u00eancia para o c\u00e1lculo o vencimento pago em agosto deste ano, com exce\u00e7\u00e3o do que for referente a 13\u00ba sal\u00e1rio ou f\u00e9rias.<\/p>\n<p>&nbsp;<\/p>\n<p>Quem quiser aderir ao PDV, deve fazer no prazo de 90 dias, contados a partir de hoje. Vencido esse prazo, o <a href=\"https:\/\/sai.io.org.br\/Handler.ashx?f=diario&amp;query=2588&amp;c=11064&amp;m=0\"><strong>Plano de Desligamento Volunt\u00e1rio do SAAE<\/strong><\/a> continua em aberto, com redu\u00e7\u00e3o do valor da indeniza\u00e7\u00e3o proporcional ao tempo da solicita\u00e7\u00e3o formal do PDV.<\/p>\n<p>&nbsp;<\/p>\n<p>&nbsp;<\/p>\n<p>&nbsp;<\/p>\n<p>&nbsp;<\/p>\n<p><strong>Fonte: Secom PMP<\/strong><\/p>\n<p>&nbsp;<\/p>\n","protected":false},"excerpt":{"rendered":"<p>O Plano de Desligamento Volunt\u00e1rio (PDV) para o pessoal efetivo do Servi\u00e7o Aut\u00f4nomo de \u00c1gua e Esgoto (SAAE) da Prefeitura de Penedo est\u00e1 publicado no Di\u00e1rio Oficial do Munic\u00edpio nesta quinta-feira, 20. &nbsp; A oficializa\u00e7\u00e3o do PDV do SAAE \u00e9 consequ\u00eancia do di\u00e1logo aberto pelo Prefeito Ronaldo Lopes com os servidores da autarquia, vereadores e &hellip;<\/p>\n","protected":false},"author":2,"featured_media":25478,"comment_status":"open","ping_status":"open","sticky":false,"template":"","format":"standard","meta":{"_jetpack_memberships_contains_paid_content":false,"footnotes":""},"categories":[1,3],"tags":[],"class_list":["post-25477","post","type-post","status-publish","format-standard","has-post-thumbnail","hentry","category-destaque","category-penedo"],"jetpack_featured_media_url":"https:\/\/www.oparanews.com.br\/wp-content\/uploads\/2022\/10\/ronaldo-lopes-termo-parceria-penedense.jpg","jetpack_sharing_enabled":true,"_links":{"self":[{"href":"https:\/\/www.oparanews.com.br\/index.php\/wp-json\/wp\/v2\/posts\/25477","targetHints":{"allow":["GET"]}}],"collection":[{"href":"https:\/\/www.oparanews.com.br\/index.php\/wp-json\/wp\/v2\/posts"}],"about":[{"href":"https:\/\/www.oparanews.com.br\/index.php\/wp-json\/wp\/v2\/types\/post"}],"author":[{"embeddable":true,"href":"https:\/\/www.oparanews.com.br\/index.php\/wp-json\/wp\/v2\/users\/2"}],"replies":[{"embeddable":true,"href":"https:\/\/www.oparanews.com.br\/index.php\/wp-json\/wp\/v2\/comments?post=25477"}],"version-history":[{"count":1,"href":"https:\/\/www.oparanews.com.br\/index.php\/wp-json\/wp\/v2\/posts\/25477\/revisions"}],"predecessor-version":[{"id":25479,"href":"https:\/\/www.oparanews.com.br\/index.php\/wp-json\/wp\/v2\/posts\/25477\/revisions\/25479"}],"wp:featuredmedia":[{"embeddable":true,"href":"https:\/\/www.oparanews.com.br\/index.php\/wp-json\/wp\/v2\/media\/25478"}],"wp:attachment":[{"href":"https:\/\/www.oparanews.com.br\/index.php\/wp-json\/wp\/v2\/media?parent=25477"}],"wp:term":[{"taxonomy":"category","embeddable":true,"href":"https:\/\/www.oparanews.com.br\/index.php\/wp-json\/wp\/v2\/categories?post=25477"},{"taxonomy":"post_tag","embeddable":true,"href":"https:\/\/www.oparanews.com.br\/index.php\/wp-json\/wp\/v2\/tags?post=25477"}],"curies":[{"name":"wp","href":"https:\/\/api.w.org\/{rel}","templated":true}]}}