{"id":25503,"date":"2022-10-24T15:34:21","date_gmt":"2022-10-24T18:34:21","guid":{"rendered":"https:\/\/www.oparanews.com.br\/?p=25503"},"modified":"2022-10-24T15:34:21","modified_gmt":"2022-10-24T18:34:21","slug":"festival-de-musica-de-penedo-e-encerrado-com-desfile-de-bandas-grupo-afro-orquestra-da-ufal-e-concerto-de-piano","status":"publish","type":"post","link":"https:\/\/www.oparanews.com.br\/index.php\/2022\/10\/24\/festival-de-musica-de-penedo-e-encerrado-com-desfile-de-bandas-grupo-afro-orquestra-da-ufal-e-concerto-de-piano\/","title":{"rendered":"Festival de M\u00fasica de Penedo \u00e9 encerrado com desfile de bandas, grupo afro, Orquestra da Ufal e concerto de piano"},"content":{"rendered":"<p>O \u00faltimo dia do Festival de M\u00fasica de Penedo come\u00e7ou com o desfile das bandas filarm\u00f4nicas nas ruas do centro da cidade na manh\u00e3 de s\u00e1bado, 22, e chegou ao fim com apresenta\u00e7\u00e3o da orquestra de c\u00e2mara da Ufal, concerto que antecedeu ao show do pianista Lucas Thomazinho.<\/p>\n<p>&nbsp;<\/p>\n<p>Durante o encerramento no Centro de Conven\u00e7\u00f5es Zeca Peixoto, o coordenador-geral Marcos Moreira agradeceu o empenho da equipe que trabalhou durante o festival, a presen\u00e7a de p\u00fablico e a oportunidade que levou mais de 400 estudantes de escolas da Prefeitura de Penedo ao encontro com a Orquestra Meninos de S\u00e3o Caetano-PE, no primeiro dia do evento.<\/p>\n<p>&nbsp;<\/p>\n<p>Foram dias de aprendizado nas oficinas, shows gratuitos no palco instalado pela Secretaria de Cultura de Penedo no Largo S\u00e3o Gon\u00e7alo, debates nos f\u00f3runs e confer\u00eancias. M\u00fasica afro e bal\u00e9 infantil tamb\u00e9m foram inseridas na edi\u00e7\u00e3o 2022 do festival que acontece em Penedo desde 2018.<\/p>\n<p>&nbsp;<\/p>\n<p>O Festival de M\u00fasica de Penedo \u00e9 uma realiza\u00e7\u00e3o da Ufal em parceria com o Governo do Estado e Prefeitura de Penedo, com patroc\u00ednio do Sebrae.<\/p>\n<p>&nbsp;<\/p>\n<p>Tamb\u00e9m conta com v\u00e1rios parceiros: Lamus \u2013 Laborat\u00f3rio de Musicologia; Cesem \u2013 Centro de Estudos de Sociologia e Est\u00e9tica Musical; Confedera\u00e7\u00e3o Musical Portuguesa; Arizon State University; Miami University; Rep\u00fablica Portuguesa; Bureau de Comunica\u00e7\u00e3o Comunit\u00e1ria, coordenada por Keka Rabelo Comunica\u00e7\u00e3o e Agerrp-Ufal \u2013 Ag\u00eancia Experimental de Rela\u00e7\u00f5es P\u00fablicas, que tem a coordena\u00e7\u00e3o geral da professora Manuela Callou, sob orienta\u00e7\u00e3o de GT de Comunica\u00e7\u00e3o com Festival de M\u00fasica de Penedo e Centro de Musicologia de Penedo (Cemupe\/Ufal).<\/p>\n<p>&nbsp;<\/p>\n<p>&nbsp;<\/p>\n<p>&nbsp;<\/p>\n<p><strong>Fonte: Secom PMP<\/strong><\/p>\n<p>&nbsp;<\/p>\n","protected":false},"excerpt":{"rendered":"<p>O \u00faltimo dia do Festival de M\u00fasica de Penedo come\u00e7ou com o desfile das bandas filarm\u00f4nicas nas ruas do centro da cidade na manh\u00e3 de s\u00e1bado, 22, e chegou ao fim com apresenta\u00e7\u00e3o da orquestra de c\u00e2mara da Ufal, concerto que antecedeu ao show do pianista Lucas Thomazinho. &nbsp; Durante o encerramento no Centro de &hellip;<\/p>\n","protected":false},"author":2,"featured_media":25504,"comment_status":"open","ping_status":"open","sticky":false,"template":"","format":"standard","meta":{"_jetpack_memberships_contains_paid_content":false,"footnotes":""},"categories":[1,3],"tags":[],"class_list":["post-25503","post","type-post","status-publish","format-standard","has-post-thumbnail","hentry","category-destaque","category-penedo"],"jetpack_featured_media_url":"https:\/\/www.oparanews.com.br\/wp-content\/uploads\/2022\/10\/festival-musica-penedo-encerramento-47.jpeg","jetpack_sharing_enabled":true,"_links":{"self":[{"href":"https:\/\/www.oparanews.com.br\/index.php\/wp-json\/wp\/v2\/posts\/25503","targetHints":{"allow":["GET"]}}],"collection":[{"href":"https:\/\/www.oparanews.com.br\/index.php\/wp-json\/wp\/v2\/posts"}],"about":[{"href":"https:\/\/www.oparanews.com.br\/index.php\/wp-json\/wp\/v2\/types\/post"}],"author":[{"embeddable":true,"href":"https:\/\/www.oparanews.com.br\/index.php\/wp-json\/wp\/v2\/users\/2"}],"replies":[{"embeddable":true,"href":"https:\/\/www.oparanews.com.br\/index.php\/wp-json\/wp\/v2\/comments?post=25503"}],"version-history":[{"count":1,"href":"https:\/\/www.oparanews.com.br\/index.php\/wp-json\/wp\/v2\/posts\/25503\/revisions"}],"predecessor-version":[{"id":25505,"href":"https:\/\/www.oparanews.com.br\/index.php\/wp-json\/wp\/v2\/posts\/25503\/revisions\/25505"}],"wp:featuredmedia":[{"embeddable":true,"href":"https:\/\/www.oparanews.com.br\/index.php\/wp-json\/wp\/v2\/media\/25504"}],"wp:attachment":[{"href":"https:\/\/www.oparanews.com.br\/index.php\/wp-json\/wp\/v2\/media?parent=25503"}],"wp:term":[{"taxonomy":"category","embeddable":true,"href":"https:\/\/www.oparanews.com.br\/index.php\/wp-json\/wp\/v2\/categories?post=25503"},{"taxonomy":"post_tag","embeddable":true,"href":"https:\/\/www.oparanews.com.br\/index.php\/wp-json\/wp\/v2\/tags?post=25503"}],"curies":[{"name":"wp","href":"https:\/\/api.w.org\/{rel}","templated":true}]}}