{"id":25518,"date":"2022-10-25T22:22:17","date_gmt":"2022-10-26T01:22:17","guid":{"rendered":"https:\/\/www.oparanews.com.br\/?p=25518"},"modified":"2022-10-25T22:22:17","modified_gmt":"2022-10-26T01:22:17","slug":"semana-do-dentista-tera-acoes-de-prevencao-a-saude-bucal-em-penedo","status":"publish","type":"post","link":"https:\/\/www.oparanews.com.br\/index.php\/2022\/10\/25\/semana-do-dentista-tera-acoes-de-prevencao-a-saude-bucal-em-penedo\/","title":{"rendered":"Semana do Dentista ter\u00e1 a\u00e7\u00f5es de preven\u00e7\u00e3o \u00e0 sa\u00fade bucal em Penedo"},"content":{"rendered":"<p>A Secretaria Municipal de Sa\u00fade (SEMS) preparou uma programa\u00e7\u00e3o especial na Semana do Dentista para chamar aten\u00e7\u00e3o da popula\u00e7\u00e3o de Penedo para a import\u00e2ncia da sa\u00fade bucal.<\/p>\n<p>&nbsp;<\/p>\n<p>Nesta ter\u00e7a-feira, 25, acontece a Corrida da Sa\u00fade Bucal, com o tema \u201cAbra a boca e diga n\u00e3o ao c\u00e2ncer\u201d. A sa\u00edda esta marcada para as 16 horas, na Pra\u00e7a Bar\u00e3o de Penedo, em frente da sede da refeitura.<\/p>\n<p>&nbsp;<\/p>\n<p>Na quarta e quinta-feira, dias 26 e 27 de outubro, as equipes de sa\u00fade realizar\u00e3o busca ativa contra o c\u00e2ncer bucal nas Unidades de Sa\u00fade, visitas domiciliares e Centro de Especialidades Odontol\u00f3gicas.<\/p>\n<p>&nbsp;<\/p>\n<p>Para encerrar a programa\u00e7\u00e3o, a SEMS Penedo vai realizar uma capacita\u00e7\u00e3o da Estrat\u00e9gia em Sa\u00fade Bucal com o tema \u201cPrimeiros Socorros\u201d para os profissionais da sa\u00fade.<\/p>\n<p>&nbsp;<\/p>\n<p>&nbsp;<\/p>\n<p>&nbsp;<\/p>\n<p><strong>Fonte: Secom PMP com Assessoria SEMS<\/strong><\/p>\n<p>&nbsp;<\/p>\n","protected":false},"excerpt":{"rendered":"<p>A Secretaria Municipal de Sa\u00fade (SEMS) preparou uma programa\u00e7\u00e3o especial na Semana do Dentista para chamar aten\u00e7\u00e3o da popula\u00e7\u00e3o de Penedo para a import\u00e2ncia da sa\u00fade bucal. &nbsp; Nesta ter\u00e7a-feira, 25, acontece a Corrida da Sa\u00fade Bucal, com o tema \u201cAbra a boca e diga n\u00e3o ao c\u00e2ncer\u201d. A sa\u00edda esta marcada para as 16 &hellip;<\/p>\n","protected":false},"author":2,"featured_media":25520,"comment_status":"open","ping_status":"open","sticky":false,"template":"","format":"standard","meta":{"_jetpack_memberships_contains_paid_content":false,"footnotes":""},"categories":[1,3],"tags":[],"class_list":["post-25518","post","type-post","status-publish","format-standard","has-post-thumbnail","hentry","category-destaque","category-penedo"],"jetpack_featured_media_url":"https:\/\/www.oparanews.com.br\/wp-content\/uploads\/2022\/10\/card-saude-bucal.jpg","jetpack_sharing_enabled":true,"_links":{"self":[{"href":"https:\/\/www.oparanews.com.br\/index.php\/wp-json\/wp\/v2\/posts\/25518","targetHints":{"allow":["GET"]}}],"collection":[{"href":"https:\/\/www.oparanews.com.br\/index.php\/wp-json\/wp\/v2\/posts"}],"about":[{"href":"https:\/\/www.oparanews.com.br\/index.php\/wp-json\/wp\/v2\/types\/post"}],"author":[{"embeddable":true,"href":"https:\/\/www.oparanews.com.br\/index.php\/wp-json\/wp\/v2\/users\/2"}],"replies":[{"embeddable":true,"href":"https:\/\/www.oparanews.com.br\/index.php\/wp-json\/wp\/v2\/comments?post=25518"}],"version-history":[{"count":1,"href":"https:\/\/www.oparanews.com.br\/index.php\/wp-json\/wp\/v2\/posts\/25518\/revisions"}],"predecessor-version":[{"id":25521,"href":"https:\/\/www.oparanews.com.br\/index.php\/wp-json\/wp\/v2\/posts\/25518\/revisions\/25521"}],"wp:featuredmedia":[{"embeddable":true,"href":"https:\/\/www.oparanews.com.br\/index.php\/wp-json\/wp\/v2\/media\/25520"}],"wp:attachment":[{"href":"https:\/\/www.oparanews.com.br\/index.php\/wp-json\/wp\/v2\/media?parent=25518"}],"wp:term":[{"taxonomy":"category","embeddable":true,"href":"https:\/\/www.oparanews.com.br\/index.php\/wp-json\/wp\/v2\/categories?post=25518"},{"taxonomy":"post_tag","embeddable":true,"href":"https:\/\/www.oparanews.com.br\/index.php\/wp-json\/wp\/v2\/tags?post=25518"}],"curies":[{"name":"wp","href":"https:\/\/api.w.org\/{rel}","templated":true}]}}