{"id":25538,"date":"2022-10-27T17:09:57","date_gmt":"2022-10-27T20:09:57","guid":{"rendered":"https:\/\/www.oparanews.com.br\/?p=25538"},"modified":"2022-10-27T17:09:57","modified_gmt":"2022-10-27T20:09:57","slug":"penedo-sediara-feira-de-intercambio-cultural-da-regiao-sul-de-alagoas","status":"publish","type":"post","link":"https:\/\/www.oparanews.com.br\/index.php\/2022\/10\/27\/penedo-sediara-feira-de-intercambio-cultural-da-regiao-sul-de-alagoas\/","title":{"rendered":"Penedo sediar\u00e1 Feira de Interc\u00e2mbio Cultural da regi\u00e3o Sul de Alagoas"},"content":{"rendered":"<p>Foi realizada na Casa de Aposentadoria nesta quarta-feira, 26, uma reuni\u00e3o para o planejamento da Feira de Interc\u00e2mbio Cultural Sul Alagoano \u2013 FEICUSAL, evento que ser\u00e1 realizado em Penedo no per\u00edodo de 17 a 19 de mar\u00e7o de 2023, no estacionamento da prainha, localizada na orla fluvial da cidade.<\/p>\n<p>&nbsp;<\/p>\n<p>A FEICUSAL tem como objetivo promover e comercializar produtos artesanais dos munic\u00edpios do Litoral Sul alagoano e do Baixo S\u00e3o Francisco, sendo uma a\u00e7\u00e3o que refor\u00e7a a import\u00e2ncia cultural da regi\u00e3o.<\/p>\n<p>&nbsp;<\/p>\n<p>A articula\u00e7\u00e3o que envolve o Governo de Alagoas e as prefeituras incentiva o interc\u00e2mbio, a competitividade e a intera\u00e7\u00e3o social dos participantes da cadeia produtiva da cultura popular no mercado de neg\u00f3cios futuros.<\/p>\n<p>&nbsp;<\/p>\n<p>\u201cHoje est\u00e1 nascendo mais uma semente que vai gerar grandes frutos n\u00e3o s\u00f3 para Penedo, mas para toda a regi\u00e3o. O apoio aos artes\u00e3os avan\u00e7a com o turismo, trabalho que estamos desenvolvendo\u201d, destaca Aliny Costa, Secret\u00e1ria Municipal de Cultura de Penedo.<\/p>\n<p>&nbsp;<\/p>\n<p>\u201cA Feira de Interc\u00e2mbio Cultural engloba onze munic\u00edpios da inst\u00e2ncia Lagoas, Mares e Rios do Sul de Alagoas, mais cinco de fora da regi\u00e3o e que fazem parte da nossa associa\u00e7\u00e3o, al\u00e9m de mais duas cidades do estado de Sergipe\u201d, explica Adilson Pereira, presidente da Associa\u00e7\u00e3o dos Artes\u00e3os de Penedo e Regi\u00f5es de Alagoas, a Art Pen.<\/p>\n<p>&nbsp;<\/p>\n<p>Al\u00e9m disso, o foco \u00e9 estimular a inser\u00e7\u00e3o dos produtos artesanais de forma organizada, para atender um p\u00fablico voltado a este segmento, oportunizando o conhecimento de t\u00e9cnicas ministradas nas oficinas e atrav\u00e9s das rodas de conversas,<\/p>\n<p>&nbsp;<\/p>\n<p>A FEICUSAL tamb\u00e9m ser\u00e1 um evento com atrativos para o p\u00fablico, como apresenta\u00e7\u00f5es folcl\u00f3ricas e quitutes da gastronomia regional.<\/p>\n<p>&nbsp;<\/p>\n<p>&nbsp;<\/p>\n<p>&nbsp;<\/p>\n<p><strong>por Fagner Honorato\/Secom Penedo<\/strong><\/p>\n<p>&nbsp;<\/p>\n","protected":false},"excerpt":{"rendered":"<p>Foi realizada na Casa de Aposentadoria nesta quarta-feira, 26, uma reuni\u00e3o para o planejamento da Feira de Interc\u00e2mbio Cultural Sul Alagoano \u2013 FEICUSAL, evento que ser\u00e1 realizado em Penedo no per\u00edodo de 17 a 19 de mar\u00e7o de 2023, no estacionamento da prainha, localizada na orla fluvial da cidade. &nbsp; A FEICUSAL tem como objetivo &hellip;<\/p>\n","protected":false},"author":2,"featured_media":25539,"comment_status":"open","ping_status":"open","sticky":false,"template":"","format":"standard","meta":{"_jetpack_memberships_contains_paid_content":false,"footnotes":""},"categories":[1,3],"tags":[],"class_list":["post-25538","post","type-post","status-publish","format-standard","has-post-thumbnail","hentry","category-destaque","category-penedo"],"jetpack_featured_media_url":"https:\/\/www.oparanews.com.br\/wp-content\/uploads\/2022\/10\/WhatsApp-Image-2022-10-26-at-12.08.03.jpeg","jetpack_sharing_enabled":true,"_links":{"self":[{"href":"https:\/\/www.oparanews.com.br\/index.php\/wp-json\/wp\/v2\/posts\/25538","targetHints":{"allow":["GET"]}}],"collection":[{"href":"https:\/\/www.oparanews.com.br\/index.php\/wp-json\/wp\/v2\/posts"}],"about":[{"href":"https:\/\/www.oparanews.com.br\/index.php\/wp-json\/wp\/v2\/types\/post"}],"author":[{"embeddable":true,"href":"https:\/\/www.oparanews.com.br\/index.php\/wp-json\/wp\/v2\/users\/2"}],"replies":[{"embeddable":true,"href":"https:\/\/www.oparanews.com.br\/index.php\/wp-json\/wp\/v2\/comments?post=25538"}],"version-history":[{"count":1,"href":"https:\/\/www.oparanews.com.br\/index.php\/wp-json\/wp\/v2\/posts\/25538\/revisions"}],"predecessor-version":[{"id":25540,"href":"https:\/\/www.oparanews.com.br\/index.php\/wp-json\/wp\/v2\/posts\/25538\/revisions\/25540"}],"wp:featuredmedia":[{"embeddable":true,"href":"https:\/\/www.oparanews.com.br\/index.php\/wp-json\/wp\/v2\/media\/25539"}],"wp:attachment":[{"href":"https:\/\/www.oparanews.com.br\/index.php\/wp-json\/wp\/v2\/media?parent=25538"}],"wp:term":[{"taxonomy":"category","embeddable":true,"href":"https:\/\/www.oparanews.com.br\/index.php\/wp-json\/wp\/v2\/categories?post=25538"},{"taxonomy":"post_tag","embeddable":true,"href":"https:\/\/www.oparanews.com.br\/index.php\/wp-json\/wp\/v2\/tags?post=25538"}],"curies":[{"name":"wp","href":"https:\/\/api.w.org\/{rel}","templated":true}]}}