{"id":25593,"date":"2022-11-02T21:16:00","date_gmt":"2022-11-03T00:16:00","guid":{"rendered":"https:\/\/www.oparanews.com.br\/?p=25593"},"modified":"2022-11-02T21:16:00","modified_gmt":"2022-11-03T00:16:00","slug":"governo-ronaldo-lopes-investe-em-obras-que-melhoram-qualidade-de-vida-dos-penedenses","status":"publish","type":"post","link":"https:\/\/www.oparanews.com.br\/index.php\/2022\/11\/02\/governo-ronaldo-lopes-investe-em-obras-que-melhoram-qualidade-de-vida-dos-penedenses\/","title":{"rendered":"Governo Ronaldo Lopes investe em obras que melhoram qualidade de vida dos penedenses"},"content":{"rendered":"<p>Angela Ferreira da Silva varre o trecho pavimentado da Rua Professor Am\u00e9rico Pereira, mais conhecida como Baixa da Cachorrinha, com um sorriso no rosto. \u201cAgora ficou chique!\u201d, afirma a moradora de uma das localidades beneficiadas com obras do governo Ronaldo Lopes.<\/p>\n<p>&nbsp;<\/p>\n<p>&nbsp;<\/p>\n<p>A satisfa\u00e7\u00e3o vem com o fim da lama no inverno e da poeira do ver\u00e3o, situa\u00e7\u00f5es resolvidas com a pavimenta\u00e7\u00e3o em concreto da via p\u00fablica que ganhou meio-fio e cal\u00e7ada.<\/p>\n<p>&nbsp;<\/p>\n<p>O trabalho conclu\u00eddo no bairro Castro Alves \u00e9 feito por meio da Secretaria Municipal de Servi\u00e7os P\u00fablicos (SEMSP), pasta administrada pelo engenheiro Ivo Costa.<\/p>\n<p><a href=\"http:\/\/www.oparanews.com.br\/wp-content\/uploads\/2022\/11\/penedo-obras-melhoram-qualidade-de-vida-semsp-6-696x464-1.jpeg\"><img loading=\"lazy\" decoding=\"async\" class=\"aligncenter size-full wp-image-25595\" src=\"http:\/\/www.oparanews.com.br\/wp-content\/uploads\/2022\/11\/penedo-obras-melhoram-qualidade-de-vida-semsp-6-696x464-1.jpeg\" alt=\"\" width=\"696\" height=\"464\" srcset=\"https:\/\/www.oparanews.com.br\/wp-content\/uploads\/2022\/11\/penedo-obras-melhoram-qualidade-de-vida-semsp-6-696x464-1.jpeg 696w, https:\/\/www.oparanews.com.br\/wp-content\/uploads\/2022\/11\/penedo-obras-melhoram-qualidade-de-vida-semsp-6-696x464-1-300x200.jpeg 300w\" sizes=\"auto, (max-width: 696px) 100vw, 696px\" \/><\/a><\/p>\n<p>Acompanhado pela equipe da Secretaria de Comunica\u00e7\u00e3o da Prefeitura de Penedo, Ivo visitou algumas localidades com servi\u00e7os conclu\u00eddos e outras em obras que melhoram a qualidade de vida da popula\u00e7\u00e3o.<\/p>\n<p>&nbsp;<\/p>\n<p>Na Baixa da Cachorrinha, Z\u00e9 do Miguel destaca a aten\u00e7\u00e3o do Prefeito Ronaldo Lopes aos reclames dos moradores e prop\u00f5e at\u00e9 mudar o nome popular para Passarela da Cachorrinha devido aos benef\u00edcios gerados com o avan\u00e7o do Programa Meu Bairro Melhor.<\/p>\n<p>&nbsp;<\/p>\n<p>Criado por Ronaldo Lopes, o programa at\u00e9 de forma simult\u00e2nea, solucionando problemas pontuais e atendendo apelos da popula\u00e7\u00e3o, a exemplo da \u2018nova\u2019 rua Agobar Canuto, tamb\u00e9m situada no Castro Alves.<\/p>\n<p><a href=\"http:\/\/www.oparanews.com.br\/wp-content\/uploads\/2022\/11\/penedo-obras-melhoram-qualidade-de-vida-semsp-8-696x464-1.jpeg\"><img loading=\"lazy\" decoding=\"async\" class=\"aligncenter size-full wp-image-25596\" src=\"http:\/\/www.oparanews.com.br\/wp-content\/uploads\/2022\/11\/penedo-obras-melhoram-qualidade-de-vida-semsp-8-696x464-1.jpeg\" alt=\"\" width=\"696\" height=\"464\" srcset=\"https:\/\/www.oparanews.com.br\/wp-content\/uploads\/2022\/11\/penedo-obras-melhoram-qualidade-de-vida-semsp-8-696x464-1.jpeg 696w, https:\/\/www.oparanews.com.br\/wp-content\/uploads\/2022\/11\/penedo-obras-melhoram-qualidade-de-vida-semsp-8-696x464-1-300x200.jpeg 300w\" sizes=\"auto, (max-width: 696px) 100vw, 696px\" \/><\/a><\/p>\n<p>A mesma alegria se encontra na Vila Santa Clara, onde o investimento em pavimenta\u00e7\u00e3o est\u00e1 realizando um sonho antigo dos moradores. Solange Santos acompanha a execu\u00e7\u00e3o do servi\u00e7o diante de sua casa.<\/p>\n<p>&nbsp;<\/p>\n<p>\u201cEu fico muito feliz em ver essa maravilha, esse prefeito \u00e9 uma pessoa aben\u00e7oada\u201d, disse ela sobre Ronaldo Lopes, citado em todas as localidades como o gestor que est\u00e1 realizando o que se cobrou durante muito tempo.<\/p>\n<p>&nbsp;<\/p>\n<p>A previs\u00e3o \u00e9 concluir a pavimenta\u00e7\u00e3o com placas de concreto armado at\u00e9 o final de novembro, um dos canteiros de obras que tamb\u00e9m acontecem na Rua dos Jardins, onde trabalhadores recomp\u00f5em os danos causados pelas chuvas e fazem o que se esperava h\u00e1 muito tempo: concluir toda a rua com paralelep\u00edpedos.<\/p>\n<p><a href=\"http:\/\/www.oparanews.com.br\/wp-content\/uploads\/2022\/11\/penedo-obras-melhoram-qualidade-de-vida-semsp-11-696x464-1.jpeg\"><img loading=\"lazy\" decoding=\"async\" class=\"aligncenter size-full wp-image-25597\" src=\"http:\/\/www.oparanews.com.br\/wp-content\/uploads\/2022\/11\/penedo-obras-melhoram-qualidade-de-vida-semsp-11-696x464-1.jpeg\" alt=\"\" width=\"696\" height=\"464\" srcset=\"https:\/\/www.oparanews.com.br\/wp-content\/uploads\/2022\/11\/penedo-obras-melhoram-qualidade-de-vida-semsp-11-696x464-1.jpeg 696w, https:\/\/www.oparanews.com.br\/wp-content\/uploads\/2022\/11\/penedo-obras-melhoram-qualidade-de-vida-semsp-11-696x464-1-300x200.jpeg 300w\" sizes=\"auto, (max-width: 696px) 100vw, 696px\" \/><\/a><\/p>\n<p>A obra motiva at\u00e9 os moradores a melhorarem suas casas. \u00c9 o que Francisco Caldas de Assis faz no im\u00f3vel que finalmente est\u00e1 em obras porque, finalmente, a rua onde mora terpa condi\u00e7\u00f5es de tr\u00e1fego em qualquer \u00e9poca do ano.<\/p>\n<p>&nbsp;<\/p>\n<p>No bairro Santa Luzia, as equipes trabalham pr\u00f3ximas nas imedia\u00e7\u00f5es do posto de sa\u00fade do Gabriel, uma recuperando a galeria danificada pelas chuvas e a outra dando uma \u2018nova cara\u2019 para os moradores da travessa pr\u00f3xima da unidade de sa\u00fade que alcan\u00e7ou os melhores \u00edndices do programa Previne Brasil em Penedo.<\/p>\n<p><a href=\"http:\/\/www.oparanews.com.br\/wp-content\/uploads\/2022\/11\/penedo-obras-melhoram-qualidade-de-vida-semsp-14-696x464-1.jpeg\"><img loading=\"lazy\" decoding=\"async\" class=\"aligncenter size-full wp-image-25598\" src=\"http:\/\/www.oparanews.com.br\/wp-content\/uploads\/2022\/11\/penedo-obras-melhoram-qualidade-de-vida-semsp-14-696x464-1.jpeg\" alt=\"\" width=\"696\" height=\"464\" srcset=\"https:\/\/www.oparanews.com.br\/wp-content\/uploads\/2022\/11\/penedo-obras-melhoram-qualidade-de-vida-semsp-14-696x464-1.jpeg 696w, https:\/\/www.oparanews.com.br\/wp-content\/uploads\/2022\/11\/penedo-obras-melhoram-qualidade-de-vida-semsp-14-696x464-1-300x200.jpeg 300w\" sizes=\"auto, (max-width: 696px) 100vw, 696px\" \/><\/a><\/p>\n<p>Trabalhando com recursos pr\u00f3prios do munic\u00edpio ou em parceria com o Governo de Alagoas, por meio dos programas Vida Nova em Sua Casa ou Vida Nova nas Grotas, Ronaldo Lopes cumpre seu compromisso com a popula\u00e7\u00e3o menos favorecida e faz de Penedo uma cidade cada vez melhor de ser viver.<\/p>\n<p>&nbsp;<\/p>\n<p>&nbsp;<\/p>\n<p>&nbsp;<\/p>\n<p><strong>por Fernando Vin\u00edcius &#8211; Secom PMP<\/strong><\/p>\n<p>&nbsp;<\/p>\n","protected":false},"excerpt":{"rendered":"<p>Angela Ferreira da Silva varre o trecho pavimentado da Rua Professor Am\u00e9rico Pereira, mais conhecida como Baixa da Cachorrinha, com um sorriso no rosto. \u201cAgora ficou chique!\u201d, afirma a moradora de uma das localidades beneficiadas com obras do governo Ronaldo Lopes. &nbsp; &nbsp; A satisfa\u00e7\u00e3o vem com o fim da lama no inverno e da &hellip;<\/p>\n","protected":false},"author":2,"featured_media":25594,"comment_status":"open","ping_status":"open","sticky":false,"template":"","format":"standard","meta":{"_jetpack_memberships_contains_paid_content":false,"footnotes":""},"categories":[1,3],"tags":[],"class_list":["post-25593","post","type-post","status-publish","format-standard","has-post-thumbnail","hentry","category-destaque","category-penedo"],"jetpack_featured_media_url":"https:\/\/www.oparanews.com.br\/wp-content\/uploads\/2022\/11\/penedo-obras-melhoram-qualidade-de-vida-semsp.jpeg","jetpack_sharing_enabled":true,"_links":{"self":[{"href":"https:\/\/www.oparanews.com.br\/index.php\/wp-json\/wp\/v2\/posts\/25593","targetHints":{"allow":["GET"]}}],"collection":[{"href":"https:\/\/www.oparanews.com.br\/index.php\/wp-json\/wp\/v2\/posts"}],"about":[{"href":"https:\/\/www.oparanews.com.br\/index.php\/wp-json\/wp\/v2\/types\/post"}],"author":[{"embeddable":true,"href":"https:\/\/www.oparanews.com.br\/index.php\/wp-json\/wp\/v2\/users\/2"}],"replies":[{"embeddable":true,"href":"https:\/\/www.oparanews.com.br\/index.php\/wp-json\/wp\/v2\/comments?post=25593"}],"version-history":[{"count":1,"href":"https:\/\/www.oparanews.com.br\/index.php\/wp-json\/wp\/v2\/posts\/25593\/revisions"}],"predecessor-version":[{"id":25599,"href":"https:\/\/www.oparanews.com.br\/index.php\/wp-json\/wp\/v2\/posts\/25593\/revisions\/25599"}],"wp:featuredmedia":[{"embeddable":true,"href":"https:\/\/www.oparanews.com.br\/index.php\/wp-json\/wp\/v2\/media\/25594"}],"wp:attachment":[{"href":"https:\/\/www.oparanews.com.br\/index.php\/wp-json\/wp\/v2\/media?parent=25593"}],"wp:term":[{"taxonomy":"category","embeddable":true,"href":"https:\/\/www.oparanews.com.br\/index.php\/wp-json\/wp\/v2\/categories?post=25593"},{"taxonomy":"post_tag","embeddable":true,"href":"https:\/\/www.oparanews.com.br\/index.php\/wp-json\/wp\/v2\/tags?post=25593"}],"curies":[{"name":"wp","href":"https:\/\/api.w.org\/{rel}","templated":true}]}}