{"id":25639,"date":"2022-11-06T20:36:00","date_gmt":"2022-11-06T23:36:00","guid":{"rendered":"https:\/\/www.oparanews.com.br\/?p=25639"},"modified":"2022-11-06T20:36:00","modified_gmt":"2022-11-06T23:36:00","slug":"morre-o-homem-que-perseguiu-policiais-no-mercado-publico-de-arapiraca","status":"publish","type":"post","link":"https:\/\/www.oparanews.com.br\/index.php\/2022\/11\/06\/morre-o-homem-que-perseguiu-policiais-no-mercado-publico-de-arapiraca\/","title":{"rendered":"Morre o homem que perseguiu policiais no Mercado P\u00fablico de Arapiraca"},"content":{"rendered":"<p>Morreu Ivanildo Santos Rocha, 55 anos, o homem que armado com uma faca perseguiu policiais militares no Mercado P\u00fablico de Arapiraca. Ele foi baleado na perna quando os policiais tentavam cont\u00ea-lo. O corpo de Ivanildo j\u00e1 foi liberado para sepultamento, segundo informou o IML de Arapiraca neste domingo (6).<\/p>\n<p>&nbsp;<\/p>\n<p>Ivanildo Rocha faleceu nesse s\u00e1bado na Unidade de Emerg\u00eancia do Agreste, em Arapiraca, onde estava internado. A causa da morte foi ferimento por arma de fogo.<\/p>\n<p>&nbsp;<\/p>\n<p>Imagens gravadas por pessoas que testemunharam a a\u00e7\u00e3o mostraram Ivanildo Rocha correndo atr\u00e1s de dois policiais armados. Segundo a PM, ele aparentava estar sob efeito de drogas ou \u00e1lcool e amea\u00e7ava diversas pessoas no Mercado.<\/p>\n<p>&nbsp;<\/p>\n<p>Os policiais pediram para que ele soltasse a faca, mas sem sucesso. O homem foi atingido primeiramente por balas de borracha, mas n\u00e3o cedeu \u00e0s investidas. Os policiais dispararam, ent\u00e3o, bala letal na dire\u00e7\u00e3o das pernas dele. Outro homem que assistia \u00e0 persegui\u00e7\u00e3o chegou a atingi-lo com um coco verde.<\/p>\n<p>&nbsp;<\/p>\n<p>Ap\u00f3s cair no ch\u00e3o, finalmente, Ivanildo foi imobilizado pela pol\u00edcia. Toda a cena aconteceu \u00e0 luz do dia, enquanto diversas pessoas assistiam a tudo.<\/p>\n<p>&nbsp;<\/p>\n<p>&nbsp;<\/p>\n<p>&nbsp;<\/p>\n<p><strong>Fonte: G1\/AL<\/strong><\/p>\n<p>&nbsp;<\/p>\n","protected":false},"excerpt":{"rendered":"<p>Morreu Ivanildo Santos Rocha, 55 anos, o homem que armado com uma faca perseguiu policiais militares no Mercado P\u00fablico de Arapiraca. Ele foi baleado na perna quando os policiais tentavam cont\u00ea-lo. O corpo de Ivanildo j\u00e1 foi liberado para sepultamento, segundo informou o IML de Arapiraca neste domingo (6). &nbsp; Ivanildo Rocha faleceu nesse s\u00e1bado &hellip;<\/p>\n","protected":false},"author":2,"featured_media":25640,"comment_status":"open","ping_status":"open","sticky":false,"template":"","format":"standard","meta":{"_jetpack_memberships_contains_paid_content":false,"footnotes":""},"categories":[4],"tags":[],"class_list":["post-25639","post","type-post","status-publish","format-standard","has-post-thumbnail","hentry","category-alagoas"],"jetpack_featured_media_url":"https:\/\/www.oparanews.com.br\/wp-content\/uploads\/2022\/11\/Sem-titulo-3.png","jetpack_sharing_enabled":true,"_links":{"self":[{"href":"https:\/\/www.oparanews.com.br\/index.php\/wp-json\/wp\/v2\/posts\/25639","targetHints":{"allow":["GET"]}}],"collection":[{"href":"https:\/\/www.oparanews.com.br\/index.php\/wp-json\/wp\/v2\/posts"}],"about":[{"href":"https:\/\/www.oparanews.com.br\/index.php\/wp-json\/wp\/v2\/types\/post"}],"author":[{"embeddable":true,"href":"https:\/\/www.oparanews.com.br\/index.php\/wp-json\/wp\/v2\/users\/2"}],"replies":[{"embeddable":true,"href":"https:\/\/www.oparanews.com.br\/index.php\/wp-json\/wp\/v2\/comments?post=25639"}],"version-history":[{"count":1,"href":"https:\/\/www.oparanews.com.br\/index.php\/wp-json\/wp\/v2\/posts\/25639\/revisions"}],"predecessor-version":[{"id":25641,"href":"https:\/\/www.oparanews.com.br\/index.php\/wp-json\/wp\/v2\/posts\/25639\/revisions\/25641"}],"wp:featuredmedia":[{"embeddable":true,"href":"https:\/\/www.oparanews.com.br\/index.php\/wp-json\/wp\/v2\/media\/25640"}],"wp:attachment":[{"href":"https:\/\/www.oparanews.com.br\/index.php\/wp-json\/wp\/v2\/media?parent=25639"}],"wp:term":[{"taxonomy":"category","embeddable":true,"href":"https:\/\/www.oparanews.com.br\/index.php\/wp-json\/wp\/v2\/categories?post=25639"},{"taxonomy":"post_tag","embeddable":true,"href":"https:\/\/www.oparanews.com.br\/index.php\/wp-json\/wp\/v2\/tags?post=25639"}],"curies":[{"name":"wp","href":"https:\/\/api.w.org\/{rel}","templated":true}]}}