{"id":25675,"date":"2022-11-07T21:33:59","date_gmt":"2022-11-08T00:33:59","guid":{"rendered":"https:\/\/www.oparanews.com.br\/?p=25675"},"modified":"2022-11-07T21:33:59","modified_gmt":"2022-11-08T00:33:59","slug":"globo-convida-lucas-guimaraes-para-o-bbb23","status":"publish","type":"post","link":"https:\/\/www.oparanews.com.br\/index.php\/2022\/11\/07\/globo-convida-lucas-guimaraes-para-o-bbb23\/","title":{"rendered":"Globo convida Lucas Guimar\u00e3es para o BBB23"},"content":{"rendered":"<p>A coluna LeoDias inicia nesta segunda-feira (07), oficialmente, a onda de suposi\u00e7\u00f5es sobre o Big Brother Brasil 23. Falando s\u00e9rio: sabe aquela coisa de ele comentou com uma amiga e a amiga falou com o amigo\u2026 A\u00ed, chegou nos nossos ouvidos. Lucas Guimar\u00e3es foi convidado para a pr\u00f3xima temporada do reality show da TV Globo.<\/p>\n<p>&nbsp;<\/p>\n<p>Se de fato isso se concretizar, ser\u00e1 a realiza\u00e7\u00e3o de um dos maiores sonhos de Lucas, que j\u00e1 quase aceitou ir para A Fazenda. Na \u00e9poca, ele disse n\u00e3o \u00e0 Record TV pois havia passado por in\u00fameras perdas familiares.<\/p>\n<p>&nbsp;<\/p>\n<p>&nbsp;<\/p>\n<p>&nbsp;<\/p>\n<p><strong>Fonte: Metr\u00f3poles<\/strong><\/p>\n<p>&nbsp;<\/p>\n","protected":false},"excerpt":{"rendered":"<p>A coluna LeoDias inicia nesta segunda-feira (07), oficialmente, a onda de suposi\u00e7\u00f5es sobre o Big Brother Brasil 23. Falando s\u00e9rio: sabe aquela coisa de ele comentou com uma amiga e a amiga falou com o amigo\u2026 A\u00ed, chegou nos nossos ouvidos. Lucas Guimar\u00e3es foi convidado para a pr\u00f3xima temporada do reality show da TV Globo. &hellip;<\/p>\n","protected":false},"author":2,"featured_media":25676,"comment_status":"open","ping_status":"open","sticky":false,"template":"","format":"standard","meta":{"_jetpack_memberships_contains_paid_content":false,"footnotes":""},"categories":[1,3],"tags":[],"class_list":["post-25675","post","type-post","status-publish","format-standard","has-post-thumbnail","hentry","category-destaque","category-penedo"],"jetpack_featured_media_url":"https:\/\/www.oparanews.com.br\/wp-content\/uploads\/2022\/11\/Lucas-Guimaraes-14-600x400-1.webp","jetpack_sharing_enabled":true,"_links":{"self":[{"href":"https:\/\/www.oparanews.com.br\/index.php\/wp-json\/wp\/v2\/posts\/25675","targetHints":{"allow":["GET"]}}],"collection":[{"href":"https:\/\/www.oparanews.com.br\/index.php\/wp-json\/wp\/v2\/posts"}],"about":[{"href":"https:\/\/www.oparanews.com.br\/index.php\/wp-json\/wp\/v2\/types\/post"}],"author":[{"embeddable":true,"href":"https:\/\/www.oparanews.com.br\/index.php\/wp-json\/wp\/v2\/users\/2"}],"replies":[{"embeddable":true,"href":"https:\/\/www.oparanews.com.br\/index.php\/wp-json\/wp\/v2\/comments?post=25675"}],"version-history":[{"count":1,"href":"https:\/\/www.oparanews.com.br\/index.php\/wp-json\/wp\/v2\/posts\/25675\/revisions"}],"predecessor-version":[{"id":25677,"href":"https:\/\/www.oparanews.com.br\/index.php\/wp-json\/wp\/v2\/posts\/25675\/revisions\/25677"}],"wp:featuredmedia":[{"embeddable":true,"href":"https:\/\/www.oparanews.com.br\/index.php\/wp-json\/wp\/v2\/media\/25676"}],"wp:attachment":[{"href":"https:\/\/www.oparanews.com.br\/index.php\/wp-json\/wp\/v2\/media?parent=25675"}],"wp:term":[{"taxonomy":"category","embeddable":true,"href":"https:\/\/www.oparanews.com.br\/index.php\/wp-json\/wp\/v2\/categories?post=25675"},{"taxonomy":"post_tag","embeddable":true,"href":"https:\/\/www.oparanews.com.br\/index.php\/wp-json\/wp\/v2\/tags?post=25675"}],"curies":[{"name":"wp","href":"https:\/\/api.w.org\/{rel}","templated":true}]}}