{"id":25681,"date":"2022-11-09T07:35:10","date_gmt":"2022-11-09T10:35:10","guid":{"rendered":"https:\/\/www.oparanews.com.br\/?p=25681"},"modified":"2022-11-09T07:35:10","modified_gmt":"2022-11-09T10:35:10","slug":"prefeitura-de-penedo-quebra-recorde-e-amplia-para-r-15-milhao-a-compra-de-alimentos-da-agricultura-familiar-para-merenda-escolar","status":"publish","type":"post","link":"https:\/\/www.oparanews.com.br\/index.php\/2022\/11\/09\/prefeitura-de-penedo-quebra-recorde-e-amplia-para-r-15-milhao-a-compra-de-alimentos-da-agricultura-familiar-para-merenda-escolar\/","title":{"rendered":"Prefeitura de Penedo quebra recorde e amplia para R$ 1,5 milh\u00e3o a compra de alimentos da agricultura familiar para merenda escolar"},"content":{"rendered":"<p>O governo Ronaldo Lopes alcan\u00e7a mais um feito in\u00e9dito na hist\u00f3ria de Penedo. O munic\u00edpio est\u00e1 investindo cerca de um milh\u00e3o e quinhentos mil reais na aquisi\u00e7\u00e3o de itens da agricultura familiar, para alimentar estudantes da rede p\u00fablica municipal nas escolas.<\/p>\n<p>&nbsp;<\/p>\n<p>O valor \u00e9 o maior j\u00e1 empregado em Penedo, por meio de chamada p\u00fablica lan\u00e7ada pela Secretaria Municipal de Educa\u00e7\u00e3o (SEMED), processo cujos contratos foram assinados no in\u00edcio desta semana, com validade de um ano.<\/p>\n<p>&nbsp;<\/p>\n<p>\u201cEsse trabalho vem sendo executado desde o in\u00edcio do nosso governo, sempre no sentido de ampliar a compra da merenda escolar dos agricultores de Penedo. No ano passado, j\u00e1 atingimos um valor recorde, aumentamos este ano e agora vamos chegar perto de dobrar o investimento anterior\u201d, explica o Prefeito Ronaldo Lopes.<\/p>\n<p><a href=\"http:\/\/www.oparanews.com.br\/wp-content\/uploads\/2022\/11\/merenda02.jpg\"><img loading=\"lazy\" decoding=\"async\" class=\"aligncenter size-full wp-image-25682\" src=\"http:\/\/www.oparanews.com.br\/wp-content\/uploads\/2022\/11\/merenda02.jpg\" alt=\"\" width=\"600\" height=\"450\" srcset=\"https:\/\/www.oparanews.com.br\/wp-content\/uploads\/2022\/11\/merenda02.jpg 600w, https:\/\/www.oparanews.com.br\/wp-content\/uploads\/2022\/11\/merenda02-300x225.jpg 300w\" sizes=\"auto, (max-width: 600px) 100vw, 600px\" \/><\/a><\/p>\n<p>Em 2021, o total de alimentos comprados atrav\u00e9s da SEMED Penedo da agricultura familiar alcan\u00e7ou a soma de R$ 716.258,68, o que corresponde a 89,33% dos recursos do PNAE (Plano Nacional de Alimenta\u00e7\u00e3o Escolar).<\/p>\n<p>&nbsp;<\/p>\n<p>J\u00e1 neste ano, at\u00e9 dezembro, o plano de trabalho desenvolvido com a Secretaria Municipal de Abastecimento e Desenvolvimento Agr\u00edcola (SEMADA) resultar\u00e1 em R$ 816.579,00 aplicados na economia da zona rural penedense.<\/p>\n<p>&nbsp;<\/p>\n<p>\u201cA orienta\u00e7\u00e3o aos nossos produtores tamb\u00e9m envolve a Emater e o Sebrae. \u00c9 assim que trabalhamos, sempre de forma conjunta para atender os pequenos produtores, fazendo a diferen\u00e7a no dia a dia do trabalho que gera desenvolvimento para o munic\u00edpio\u201d, ressalta Rog\u00e9rio Jos\u00e9 da Silva, gestor da SEMADA.<\/p>\n<p><a href=\"http:\/\/www.oparanews.com.br\/wp-content\/uploads\/2022\/11\/Visita-tecnica-zona-rural-Penedo-10-696x464-1.jpeg\"><img loading=\"lazy\" decoding=\"async\" class=\"aligncenter size-full wp-image-25685\" src=\"http:\/\/www.oparanews.com.br\/wp-content\/uploads\/2022\/11\/Visita-tecnica-zona-rural-Penedo-10-696x464-1.jpeg\" alt=\"\" width=\"696\" height=\"464\" srcset=\"https:\/\/www.oparanews.com.br\/wp-content\/uploads\/2022\/11\/Visita-tecnica-zona-rural-Penedo-10-696x464-1.jpeg 696w, https:\/\/www.oparanews.com.br\/wp-content\/uploads\/2022\/11\/Visita-tecnica-zona-rural-Penedo-10-696x464-1-300x200.jpeg 300w\" sizes=\"auto, (max-width: 696px) 100vw, 696px\" \/><\/a><\/p>\n<p>A certeza de receber em dia, com parcelas mensais na conta do agricultor ou da associa\u00e7\u00e3o\/cooperativa, estimula o homem e da mulher do campo.<\/p>\n<p>&nbsp;<\/p>\n<p>\u201cEu estou h\u00e1 doze anos no munic\u00edpio e nunca vi tanta ades\u00e3o de agricultores na chamada p\u00fablica da Secretaria de Educa\u00e7\u00e3o. N\u00f3s passamos para 19 fornecedores de itens da agricultura familiar e isso \u00e9 reflexo da confian\u00e7a no trabalho, tanto que eles tamb\u00e9m est\u00e3o aumentando a produ\u00e7\u00e3o, vendendo mais e isso \u00e9 muito bom para a economia de Penedo\u201d, acrescenta Carla Sampaio, nutricionista da SEMED.<\/p>\n<p>&nbsp;<\/p>\n<p>Sobre os 19 contratos assinados para 2023, 14 s\u00e3o produtores individuais, dois s\u00e3o de associa\u00e7\u00f5es e tr\u00eas de cooperativas, maior quantidade j\u00e1 registrada nas chamadas p\u00fablicas da Semed.<\/p>\n<p><a href=\"http:\/\/www.oparanews.com.br\/wp-content\/uploads\/2022\/11\/penedo-chamada-publica-merenda-7-696x522-1.jpeg\"><img loading=\"lazy\" decoding=\"async\" class=\"aligncenter size-full wp-image-25683\" src=\"http:\/\/www.oparanews.com.br\/wp-content\/uploads\/2022\/11\/penedo-chamada-publica-merenda-7-696x522-1.jpeg\" alt=\"\" width=\"696\" height=\"522\" srcset=\"https:\/\/www.oparanews.com.br\/wp-content\/uploads\/2022\/11\/penedo-chamada-publica-merenda-7-696x522-1.jpeg 696w, https:\/\/www.oparanews.com.br\/wp-content\/uploads\/2022\/11\/penedo-chamada-publica-merenda-7-696x522-1-300x225.jpeg 300w\" sizes=\"auto, (max-width: 696px) 100vw, 696px\" \/><\/a><\/p>\n<p>Para o Secret\u00e1rio de Educa\u00e7\u00e3o Luciano Barros Lucena, o compromisso do governo Ronaldo Lopes \u00e9 fundamental para a agricultura familiar e a oferta de alimenta\u00e7\u00e3o de qualidade aos estudantes, \u201crespeitando os costumes, cultura e as tradi\u00e7\u00f5es locais\u201d.<\/p>\n<p>&nbsp;<\/p>\n<p>\u201cOs recursos investidos circulam aqui e eu fico muito feliz com tudo isso porque, a cada ano, estamos avan\u00e7ando. S\u00e3o fam\u00edlias trabalhando, ganhando bem e atendendo nossos estudantes com alimentos de qualidade\u201d, conclui Ronaldo Lopes, destacando ainda a transpar\u00eancia e legalidade dos processos de compra.<\/p>\n<p>&nbsp;<\/p>\n<p>&nbsp;<\/p>\n<p>&nbsp;<\/p>\n<p><strong>Fonte: Secom PMP<\/strong><\/p>\n<p>&nbsp;<\/p>\n","protected":false},"excerpt":{"rendered":"<p>O governo Ronaldo Lopes alcan\u00e7a mais um feito in\u00e9dito na hist\u00f3ria de Penedo. O munic\u00edpio est\u00e1 investindo cerca de um milh\u00e3o e quinhentos mil reais na aquisi\u00e7\u00e3o de itens da agricultura familiar, para alimentar estudantes da rede p\u00fablica municipal nas escolas. &nbsp; O valor \u00e9 o maior j\u00e1 empregado em Penedo, por meio de chamada &hellip;<\/p>\n","protected":false},"author":2,"featured_media":25684,"comment_status":"open","ping_status":"open","sticky":false,"template":"","format":"standard","meta":{"_jetpack_memberships_contains_paid_content":false,"footnotes":""},"categories":[1,3],"tags":[],"class_list":["post-25681","post","type-post","status-publish","format-standard","has-post-thumbnail","hentry","category-destaque","category-penedo"],"jetpack_featured_media_url":"https:\/\/www.oparanews.com.br\/wp-content\/uploads\/2022\/11\/penedo-chamada-publica-semed-agricultor.jpeg","jetpack_sharing_enabled":true,"_links":{"self":[{"href":"https:\/\/www.oparanews.com.br\/index.php\/wp-json\/wp\/v2\/posts\/25681","targetHints":{"allow":["GET"]}}],"collection":[{"href":"https:\/\/www.oparanews.com.br\/index.php\/wp-json\/wp\/v2\/posts"}],"about":[{"href":"https:\/\/www.oparanews.com.br\/index.php\/wp-json\/wp\/v2\/types\/post"}],"author":[{"embeddable":true,"href":"https:\/\/www.oparanews.com.br\/index.php\/wp-json\/wp\/v2\/users\/2"}],"replies":[{"embeddable":true,"href":"https:\/\/www.oparanews.com.br\/index.php\/wp-json\/wp\/v2\/comments?post=25681"}],"version-history":[{"count":1,"href":"https:\/\/www.oparanews.com.br\/index.php\/wp-json\/wp\/v2\/posts\/25681\/revisions"}],"predecessor-version":[{"id":25686,"href":"https:\/\/www.oparanews.com.br\/index.php\/wp-json\/wp\/v2\/posts\/25681\/revisions\/25686"}],"wp:featuredmedia":[{"embeddable":true,"href":"https:\/\/www.oparanews.com.br\/index.php\/wp-json\/wp\/v2\/media\/25684"}],"wp:attachment":[{"href":"https:\/\/www.oparanews.com.br\/index.php\/wp-json\/wp\/v2\/media?parent=25681"}],"wp:term":[{"taxonomy":"category","embeddable":true,"href":"https:\/\/www.oparanews.com.br\/index.php\/wp-json\/wp\/v2\/categories?post=25681"},{"taxonomy":"post_tag","embeddable":true,"href":"https:\/\/www.oparanews.com.br\/index.php\/wp-json\/wp\/v2\/tags?post=25681"}],"curies":[{"name":"wp","href":"https:\/\/api.w.org\/{rel}","templated":true}]}}