{"id":25700,"date":"2022-11-09T21:25:18","date_gmt":"2022-11-10T00:25:18","guid":{"rendered":"https:\/\/www.oparanews.com.br\/?p=25700"},"modified":"2022-11-09T21:25:18","modified_gmt":"2022-11-10T00:25:18","slug":"prefeitura-de-penedo-e-expedicao-cientifica-promovem-acoes-de-saude-e-educacao","status":"publish","type":"post","link":"https:\/\/www.oparanews.com.br\/index.php\/2022\/11\/09\/prefeitura-de-penedo-e-expedicao-cientifica-promovem-acoes-de-saude-e-educacao\/","title":{"rendered":"Prefeitura de Penedo e Expedi\u00e7\u00e3o Cient\u00edfica promovem a\u00e7\u00f5es de sa\u00fade e educa\u00e7\u00e3o"},"content":{"rendered":"<p>O trabalho da Expedi\u00e7\u00e3o Cient\u00edfica do Baixo S\u00e3o Francisco n\u00e3o se limita aos estudos sobre o rio. Em parceria com as prefeituras das cidades ribeirinhas, atividades relacionadas com sa\u00fade e educa\u00e7\u00e3o tamb\u00e9m s\u00e3o promovidas.<\/p>\n<p>&nbsp;<\/p>\n<p>Na manh\u00e3 desta quarta-feira, 09, centenas de pessoas foram ao Centro de Sa\u00fade 3 para serem examinadas e consultadas sobre sa\u00fade do homem e da mulher, especialmente em rela\u00e7\u00e3o \u00e0 incid\u00eancia de c\u00e2ncer de pele, do colo do \u00fatero e c\u00e2ncer do intestino.<\/p>\n<p>&nbsp;<\/p>\n<p>Ao mesmo tempo, a crian\u00e7ada do Jardim 1 da Escola Municipal Douglas Apratto Ten\u00f3rio recebia orienta\u00e7\u00f5es sobre higiene e sa\u00fade bucal. De forma l\u00fadica, a turminha aprendeu mais e ainda ganhou kit com escova e pasta de dente.<\/p>\n<p>&nbsp;<\/p>\n<p>Na mesma unidade de ensino, a Expedi\u00e7\u00e3o Cient\u00edfica liderada pela Universidade Federal de Alagoas doou um aparelho de data-show. Em 2021, a Escola Douglas Apratto tamb\u00e9m foi beneficiada com um notebook.<\/p>\n<p>&nbsp;<\/p>\n<p>Outra atividade que mobilizou estudantes da unidade de ensino reformada e ampliada durante a gest\u00e3o Marcius Beltr\u00e3o\/Ronaldo Lopes levou meninas e adolescentes ao campo do Sinimb\u00fa, onde foi realizado o Projeto Academia e Futebol, uma parceria que envolve CBF, FAF e UFAL.<\/p>\n<p>&nbsp;<\/p>\n<p>Para os demais estudantes da rede p\u00fablica municipal, a programa\u00e7\u00e3o trouxe o planet\u00e1rio\/ocean\u00e1rio do SESC do Distrito Federal. Dentro da estrutura instalada no gin\u00e1sio do Complexo Esportivo e Educacional Governador Moacir Andrade, alunos e alunas conheceram animais marinhos e aspectos dos oceanos como se estivessem dentro do mar gra\u00e7as \u00e0 proje\u00e7\u00e3o em 360\u00ba.<\/p>\n<p>&nbsp;<\/p>\n<p>No mesmo local, jogos e materiais pedag\u00f3gicos foram utilizados para mostrar a import\u00e2ncia da educa\u00e7\u00e3o ambiental e da preserva\u00e7\u00e3o dos ecossistemas. Tamb\u00e9m no gin\u00e1sio do antigo Sesi, agricultores penedenses foram apresentados ao biodigestor, equipamento com baixo custo de produ\u00e7\u00e3o.<\/p>\n<p>&nbsp;<\/p>\n<p>Al\u00e9m disso, pesquisadores estiveram na Banca do Peixe \u2013 ponto tradicional do com\u00e9rcio de pescado em Penedo \u2013 para orientar sobre boas pr\u00e1ticas de manipula\u00e7\u00e3o e tamb\u00e9m colher amostras para an\u00e1lise da qualidade do alimento consumido em larga escala no munic\u00edpio.<\/p>\n<p>&nbsp;<\/p>\n<p>Tamb\u00e9m houve a introdu\u00e7\u00e3o de alevinos de esp\u00e9cies nativas no Rio S\u00e3o Francisco, iniciativa apoiada pela Codevasf, e a continuidade das atividades di\u00e1rias da equipe formada por 66 pesquisadores.<\/p>\n<p>&nbsp;<\/p>\n<p>Logo mais \u00e0 noite, a partir das 20h30, haver\u00e1 uma live no Instagram da Ufal sobre Poluentes Emergentes (Professor Doutor Jo\u00e3o Soletti\/Ufal) e Fossas Agroecol\u00f3gicas:Teconologia Social Aplicada no Baixo S\u00e3o Francisco (Professor Doutor Eduardo Lucena\/Ufal), tema apresentado para equipe t\u00e9cnica da Secretaria Municipal de Abastecimento e Desenvolvimento Agr\u00edcola, de forma presencial, na tarde de hoje.<\/p>\n<p>&nbsp;<\/p>\n<p>&nbsp;<\/p>\n<p>&nbsp;<\/p>\n<p><strong>Fonte: Secom PMP<\/strong><\/p>\n<p>&nbsp;<\/p>\n","protected":false},"excerpt":{"rendered":"<p>O trabalho da Expedi\u00e7\u00e3o Cient\u00edfica do Baixo S\u00e3o Francisco n\u00e3o se limita aos estudos sobre o rio. Em parceria com as prefeituras das cidades ribeirinhas, atividades relacionadas com sa\u00fade e educa\u00e7\u00e3o tamb\u00e9m s\u00e3o promovidas. &nbsp; Na manh\u00e3 desta quarta-feira, 09, centenas de pessoas foram ao Centro de Sa\u00fade 3 para serem examinadas e consultadas sobre &hellip;<\/p>\n","protected":false},"author":2,"featured_media":25701,"comment_status":"open","ping_status":"open","sticky":false,"template":"","format":"standard","meta":{"_jetpack_memberships_contains_paid_content":false,"footnotes":""},"categories":[1,3],"tags":[],"class_list":["post-25700","post","type-post","status-publish","format-standard","has-post-thumbnail","hentry","category-destaque","category-penedo"],"jetpack_featured_media_url":"https:\/\/www.oparanews.com.br\/wp-content\/uploads\/2022\/11\/penedo-expedicao-saude-bucal-criancas.jpg","jetpack_sharing_enabled":true,"_links":{"self":[{"href":"https:\/\/www.oparanews.com.br\/index.php\/wp-json\/wp\/v2\/posts\/25700","targetHints":{"allow":["GET"]}}],"collection":[{"href":"https:\/\/www.oparanews.com.br\/index.php\/wp-json\/wp\/v2\/posts"}],"about":[{"href":"https:\/\/www.oparanews.com.br\/index.php\/wp-json\/wp\/v2\/types\/post"}],"author":[{"embeddable":true,"href":"https:\/\/www.oparanews.com.br\/index.php\/wp-json\/wp\/v2\/users\/2"}],"replies":[{"embeddable":true,"href":"https:\/\/www.oparanews.com.br\/index.php\/wp-json\/wp\/v2\/comments?post=25700"}],"version-history":[{"count":1,"href":"https:\/\/www.oparanews.com.br\/index.php\/wp-json\/wp\/v2\/posts\/25700\/revisions"}],"predecessor-version":[{"id":25702,"href":"https:\/\/www.oparanews.com.br\/index.php\/wp-json\/wp\/v2\/posts\/25700\/revisions\/25702"}],"wp:featuredmedia":[{"embeddable":true,"href":"https:\/\/www.oparanews.com.br\/index.php\/wp-json\/wp\/v2\/media\/25701"}],"wp:attachment":[{"href":"https:\/\/www.oparanews.com.br\/index.php\/wp-json\/wp\/v2\/media?parent=25700"}],"wp:term":[{"taxonomy":"category","embeddable":true,"href":"https:\/\/www.oparanews.com.br\/index.php\/wp-json\/wp\/v2\/categories?post=25700"},{"taxonomy":"post_tag","embeddable":true,"href":"https:\/\/www.oparanews.com.br\/index.php\/wp-json\/wp\/v2\/tags?post=25700"}],"curies":[{"name":"wp","href":"https:\/\/api.w.org\/{rel}","templated":true}]}}