{"id":25703,"date":"2022-11-09T21:41:52","date_gmt":"2022-11-10T00:41:52","guid":{"rendered":"https:\/\/www.oparanews.com.br\/?p=25703"},"modified":"2022-11-09T21:41:52","modified_gmt":"2022-11-10T00:41:52","slug":"premio-odete-pacheco-de-comunicacao-homenageia-secretario-kim-emmanuel-e-radialista-martha-martyres","status":"publish","type":"post","link":"https:\/\/www.oparanews.com.br\/index.php\/2022\/11\/09\/premio-odete-pacheco-de-comunicacao-homenageia-secretario-kim-emmanuel-e-radialista-martha-martyres\/","title":{"rendered":"Pr\u00eamio Odete Pacheco de Comunica\u00e7\u00e3o homenageia secret\u00e1rio Kim Emmanuel e radialista Martha M\u00e1rtyres"},"content":{"rendered":"<p>Aconteceu nesta ter\u00e7a-feira, 08, a 19\u00aa edi\u00e7\u00e3o do Pr\u00eamio Odete Pacheco de Comunica\u00e7\u00e3o e desta vez os organizadores Marcus Assun\u00e7\u00e3o e Faf\u00e1 Rocha decidiram inovar e abranger todo segmento de jornalismo e radialismo alagoano.<\/p>\n<p>&nbsp;<\/p>\n<p>Na categoria Floracy Cavalcante, a radialista Martha M\u00e1rtyres foi agraciada mais uma vez com a honraria. Em seu discurso, a comunicadora que atua h\u00e1 mais de 37 anos no radiojornalismo falou da import\u00e2ncia da radiofonia na vida de todos n\u00f3s:<\/p>\n<p>&nbsp;<\/p>\n<p>\u201cEu comecei no r\u00e1dio aos cinco anos de idade quando eu ia declamar poesia nos programas de audit\u00f3rio da nossa querida e extinta emissora Rio S\u00e3o Francisco. Ontem, no Dia do Radialista, eu recebi um presente do Procurador do Munic\u00edpio de Penedo, que hoje trata da recupera\u00e7\u00e3o do pr\u00e9dio onde funcionou a AM Rio S\u00e3o Francisco. Ele me entregou a placa com o nome da emissora, e mandou uma carta dizendo que eu deveria ser a guardi\u00e3 daquela placa, e eu chorei muito quando recebi. A Rio S\u00e3o Francisco foi a grande escola de in\u00fameros radialistas do estado de Alagoas, da cidade de Penedo, que se espalharam pelo pa\u00eds e pelo mundo.\u201d<\/p>\n<p>&nbsp;<\/p>\n<p>Emocionada, a radialista explanou sobre as alegrias e dificuldades encontradas na profiss\u00e3o.<\/p>\n<p>&nbsp;<\/p>\n<p>\u201cTudo que eu tenho, eu devo ao r\u00e1dio. Todas as li\u00e7\u00f5es que eu aprendi na vida foram fortemente compreendidas atrav\u00e9s do r\u00e1dio. Ent\u00e3o, de uma certa forma no r\u00e1dio, principalmente por ser mulher e falar de pol\u00edtica, criticar pol\u00edticos, \u00e9 uma esp\u00e9cie de ousadia, e depois de 37 anos no microfone, a gente enfrenta algumas inquisi\u00e7\u00f5es. Elas s\u00e3o li\u00e7\u00f5es que n\u00f3s aprendemos ao longo da vida. Ent\u00e3o muito obrigado a voc\u00eas, a todos que comp\u00f5e os meios de comunica\u00e7\u00e3o porque essa \u00e9 a grande miss\u00e3o que n\u00f3s temos, a de fazer com que o nosso povo tenha uma qualidade de vida melhor atrav\u00e9s daquilo que \u00e9 mais importante, que \u00e9 justamente a informa\u00e7\u00e3o porque a falta dela \u00e9 a grande doen\u00e7a do nosso povo\u201d finalizou Martha M\u00e1rtyres.<\/p>\n<p>&nbsp;<\/p>\n<p><strong>Confira depoimento na \u00edntegra:<\/strong><\/p>\n<p>&nbsp;<\/p>\n<p><a href=\"https:\/\/penedo.al.gov.br\/wp-content\/uploads\/2022\/11\/depoimento-martha.mp4?_=1\"><strong>https:\/\/penedo.al.gov.br\/wp-content\/uploads\/2022\/11\/depoimento-martha.mp4?_=1<\/strong><\/a><\/p>\n<p>&nbsp;<\/p>\n<p>\u00c2ncora do Lance Livre, programa matinal de jornalismo da Penedo FM, Martha M\u00e1rtyres tamb\u00e9m foi homenageada com uma categoria na premia\u00e7\u00e3o, cujo homenageado foi o Secret\u00e1rio Municipal de Comunica\u00e7\u00e3o, Kim Emmanuel Guimar\u00e3es Minas Lopes, pelos servi\u00e7os prestados na SECOM da Prefeitura de Penedo, e tamb\u00e9m por toda sua trajet\u00f3ria na comunica\u00e7\u00e3o em v\u00e1rios segmentos:<\/p>\n<p>&nbsp;<\/p>\n<p>\u201cHoje recebemos esse pr\u00eamio Odete Pacheco de Comunica\u00e7\u00e3o, pr\u00eamio muito importante para Penedo, para os comunicadores, para a Prefeitura de Penedo, que estou representando como Secret\u00e1rio de Comunica\u00e7\u00e3o. Ent\u00e3o pra mim est\u00e1 sendo uma grande homenagem e eu dedico a todos, a toda a minha equipe porque sem ela a gente n\u00e3o conseguiria esse feito. Agradecer tamb\u00e9m ao prefeito Ronaldo Lopes, por ter me dado essa oportunidade, e eu espero que a gente n\u00e3o s\u00f3 receba mais pr\u00eamios, como tamb\u00e9m continue fazendo um trabalho ainda maior\u201d ,frisou Kim Emmanuel em sua fala de agradecimento.<\/p>\n<p>&nbsp;<\/p>\n<p>Um dos organizadores do Pr\u00eamio Odete Pacheco, Marcus Assun\u00e7\u00e3o, falou da import\u00e2ncia desta edi\u00e7\u00e3o, sobre os 100 anos do r\u00e1dio, 48 anos de colunismo social de Jacira Le\u00e3o e os 19 anos da premia\u00e7\u00e3o que j\u00e1 \u00e9 tradicional em Alagoas.<\/p>\n<p>&nbsp;<\/p>\n<p>Marc\u00e3o, como \u00e9 conhecido por todos, informou da vontade em retornar \u00e0 cidade penedense e dessa vez realizar o pr\u00eamio Odete Pacheco, j\u00e1 que neste ano aconteceu premia\u00e7\u00f5es voltadas \u00e0 cultura, em Penedo, com as homenagens levam o nome de Selma Brito.<\/p>\n<p>&nbsp;<\/p>\n<p>&nbsp;<\/p>\n<p>&nbsp;<\/p>\n<p><strong>Fonte: Secom PMP<\/strong><\/p>\n<p>&nbsp;<\/p>\n","protected":false},"excerpt":{"rendered":"<p>Aconteceu nesta ter\u00e7a-feira, 08, a 19\u00aa edi\u00e7\u00e3o do Pr\u00eamio Odete Pacheco de Comunica\u00e7\u00e3o e desta vez os organizadores Marcus Assun\u00e7\u00e3o e Faf\u00e1 Rocha decidiram inovar e abranger todo segmento de jornalismo e radialismo alagoano. &nbsp; Na categoria Floracy Cavalcante, a radialista Martha M\u00e1rtyres foi agraciada mais uma vez com a honraria. Em seu discurso, a &hellip;<\/p>\n","protected":false},"author":2,"featured_media":25704,"comment_status":"open","ping_status":"open","sticky":false,"template":"","format":"standard","meta":{"_jetpack_memberships_contains_paid_content":false,"footnotes":""},"categories":[1,3],"tags":[],"class_list":["post-25703","post","type-post","status-publish","format-standard","has-post-thumbnail","hentry","category-destaque","category-penedo"],"jetpack_featured_media_url":"https:\/\/www.oparanews.com.br\/wp-content\/uploads\/2022\/11\/Kim-Emmanuel-e-Martha-Marthyres.jpeg","jetpack_sharing_enabled":true,"_links":{"self":[{"href":"https:\/\/www.oparanews.com.br\/index.php\/wp-json\/wp\/v2\/posts\/25703","targetHints":{"allow":["GET"]}}],"collection":[{"href":"https:\/\/www.oparanews.com.br\/index.php\/wp-json\/wp\/v2\/posts"}],"about":[{"href":"https:\/\/www.oparanews.com.br\/index.php\/wp-json\/wp\/v2\/types\/post"}],"author":[{"embeddable":true,"href":"https:\/\/www.oparanews.com.br\/index.php\/wp-json\/wp\/v2\/users\/2"}],"replies":[{"embeddable":true,"href":"https:\/\/www.oparanews.com.br\/index.php\/wp-json\/wp\/v2\/comments?post=25703"}],"version-history":[{"count":2,"href":"https:\/\/www.oparanews.com.br\/index.php\/wp-json\/wp\/v2\/posts\/25703\/revisions"}],"predecessor-version":[{"id":25706,"href":"https:\/\/www.oparanews.com.br\/index.php\/wp-json\/wp\/v2\/posts\/25703\/revisions\/25706"}],"wp:featuredmedia":[{"embeddable":true,"href":"https:\/\/www.oparanews.com.br\/index.php\/wp-json\/wp\/v2\/media\/25704"}],"wp:attachment":[{"href":"https:\/\/www.oparanews.com.br\/index.php\/wp-json\/wp\/v2\/media?parent=25703"}],"wp:term":[{"taxonomy":"category","embeddable":true,"href":"https:\/\/www.oparanews.com.br\/index.php\/wp-json\/wp\/v2\/categories?post=25703"},{"taxonomy":"post_tag","embeddable":true,"href":"https:\/\/www.oparanews.com.br\/index.php\/wp-json\/wp\/v2\/tags?post=25703"}],"curies":[{"name":"wp","href":"https:\/\/api.w.org\/{rel}","templated":true}]}}