{"id":25806,"date":"2022-11-14T15:12:38","date_gmt":"2022-11-14T18:12:38","guid":{"rendered":"https:\/\/www.oparanews.com.br\/?p=25806"},"modified":"2022-11-14T15:12:38","modified_gmt":"2022-11-14T18:12:38","slug":"circuito-penedo-de-cinema-e-festival-do-rock-de-alagoas-movimentam-a-cidade-historica-ate-o-proximo-domingo-20","status":"publish","type":"post","link":"https:\/\/www.oparanews.com.br\/index.php\/2022\/11\/14\/circuito-penedo-de-cinema-e-festival-do-rock-de-alagoas-movimentam-a-cidade-historica-ate-o-proximo-domingo-20\/","title":{"rendered":"Circuito Penedo de Cinema e Festival do Rock de Alagoas movimentam a cidade hist\u00f3rica at\u00e9 o pr\u00f3ximo domingo, 20"},"content":{"rendered":"<p>Penedo sedia o maior evento audiovisual de Alagoas at\u00e9 o pr\u00f3ximo domingo, 20, quando o Circuito Penedo de Cinema termina com show da renomada banda pernambucana Mundo Livre\/SA, na Pra\u00e7a 12 de Abril.<\/p>\n<p>&nbsp;<\/p>\n<p>No mesmo espa\u00e7o da programa\u00e7\u00e3o musical do circuito que come\u00e7a nesta segunda-feira, 14, acontece o Festival do Rock de Alagoas.<\/p>\n<p>&nbsp;<\/p>\n<p>Em sua 3\u00aa edi\u00e7\u00e3o, o evento realizado pela Secretaria Estadual de Cultura com apoio da Prefeitura de Penedo agita a v\u00e9spera do feriado nacional com show das bandas Lambertos \u2013 grupo de Penedo -, Morcegos, Invisible Control e os artistas Wado e Jana\u00edna Melo.<\/p>\n<p>&nbsp;<\/p>\n<p>J\u00e1 a cerim\u00f4nia de abertura do Circuito Penedo de Cinema come\u00e7a \u00e0s 19h30, no Centro de Conven\u00e7\u00f5es e Eventos Zeca Peixoto, o antigo Cine S\u00e3o Francisco, com transmiss\u00e3o ao vivo pelo canal do circuito no YouTube.<\/p>\n<p>&nbsp;<\/p>\n<p>A banda do Maestro J\u00falio Catarina e a orquestra da Associa\u00e7\u00e3o Monte Pio dos Artistas abrem a programa\u00e7\u00e3o. Em seguida, o filme sobre o panorama do in\u00edcio da pandemia de AIDS no Brasil, Os Primeiros Soldados, abre a Mostra de Longa Metragem Nacional com um bate-papo com o diretor do filme, Rog\u00e9rio Oliveira.<\/p>\n<p>&nbsp;<\/p>\n<p>Com programa\u00e7\u00e3o inteiramente gratuita, dispon\u00edvel no site oficial do Circuito, o evento conta com diversas mostras de filmes, debates, oficinas, palestras, rodas de conversa, confer\u00eancias, apresenta\u00e7\u00f5es art\u00edsticas e muito mais.<\/p>\n<p>&nbsp;<\/p>\n<p>A 12\u00aa edi\u00e7\u00e3o do Circuito Penedo de Cinema re\u00fane o 15\u00ba Festival do Cinema Brasileiro, o 12\u00ba Festival de Cinema Universit\u00e1rio de Alagoas e o 9\u00ba Festival Velho Chico de Cinema Ambiental.<\/p>\n<p>&nbsp;<\/p>\n<p>Al\u00e9m das sess\u00f5es presenciais, os curtas concorrentes a melhor filme pelo J\u00fari Popular e Oficial estar\u00e3o dispon\u00edveis no site durante todo o per\u00edodo de realiza\u00e7\u00e3o do evento (14 a 20 de novembro), al\u00e9m de transmiss\u00e3o, ao vivo, pelo canal do youtube. Tamb\u00e9m de modo virtual e presencial, est\u00e3o dispon\u00edveis os filmes da Mostra de Cinema Infantil.<\/p>\n<p>&nbsp;<\/p>\n<p>Al\u00e9m disso, a Mostra Cinema Livre acontece na Pra\u00e7a 12 de Abril entre 15 e 19 de novembro, projetando em espa\u00e7o aberto filmes com classifica\u00e7\u00e3o indicativa livre a partir das 19 horas. No mesmo local acontece a Feira de Empreendedores Culturais.<\/p>\n<p>&nbsp;<\/p>\n<p>O Circuito Penedo \u00e9 uma realiza\u00e7\u00e3o do Instituto de Estudos Culturais, Pol\u00edticos e Sociais do Homem Contempor\u00e2neo (IECPS), da Universidade Federal de Alagoas (Ufal) e da Secretaria de Estado da Cultura (Secult). Patrocinam o evento o Comit\u00ea da Bacia Hidrogr\u00e1fica do Rio S\u00e3o Francisco (CBHSF), a Prefeitura de Penedo e o Sebrae Alagoas.<\/p>\n<p>&nbsp;<\/p>\n<p>&nbsp;<\/p>\n<p>&nbsp;<\/p>\n<p><strong>Fonte: Secom Penedo com divulga\u00e7\u00e3o<\/strong><\/p>\n<p>&nbsp;<\/p>\n","protected":false},"excerpt":{"rendered":"<p>Penedo sedia o maior evento audiovisual de Alagoas at\u00e9 o pr\u00f3ximo domingo, 20, quando o Circuito Penedo de Cinema termina com show da renomada banda pernambucana Mundo Livre\/SA, na Pra\u00e7a 12 de Abril. &nbsp; No mesmo espa\u00e7o da programa\u00e7\u00e3o musical do circuito que come\u00e7a nesta segunda-feira, 14, acontece o Festival do Rock de Alagoas. &nbsp; &hellip;<\/p>\n","protected":false},"author":2,"featured_media":25807,"comment_status":"open","ping_status":"open","sticky":false,"template":"","format":"standard","meta":{"_jetpack_memberships_contains_paid_content":false,"footnotes":""},"categories":[1,3],"tags":[],"class_list":["post-25806","post","type-post","status-publish","format-standard","has-post-thumbnail","hentry","category-destaque","category-penedo"],"jetpack_featured_media_url":"https:\/\/www.oparanews.com.br\/wp-content\/uploads\/2022\/11\/circuito-penedo-cinema-divulgacao-4.jpg","jetpack_sharing_enabled":true,"_links":{"self":[{"href":"https:\/\/www.oparanews.com.br\/index.php\/wp-json\/wp\/v2\/posts\/25806","targetHints":{"allow":["GET"]}}],"collection":[{"href":"https:\/\/www.oparanews.com.br\/index.php\/wp-json\/wp\/v2\/posts"}],"about":[{"href":"https:\/\/www.oparanews.com.br\/index.php\/wp-json\/wp\/v2\/types\/post"}],"author":[{"embeddable":true,"href":"https:\/\/www.oparanews.com.br\/index.php\/wp-json\/wp\/v2\/users\/2"}],"replies":[{"embeddable":true,"href":"https:\/\/www.oparanews.com.br\/index.php\/wp-json\/wp\/v2\/comments?post=25806"}],"version-history":[{"count":1,"href":"https:\/\/www.oparanews.com.br\/index.php\/wp-json\/wp\/v2\/posts\/25806\/revisions"}],"predecessor-version":[{"id":25808,"href":"https:\/\/www.oparanews.com.br\/index.php\/wp-json\/wp\/v2\/posts\/25806\/revisions\/25808"}],"wp:featuredmedia":[{"embeddable":true,"href":"https:\/\/www.oparanews.com.br\/index.php\/wp-json\/wp\/v2\/media\/25807"}],"wp:attachment":[{"href":"https:\/\/www.oparanews.com.br\/index.php\/wp-json\/wp\/v2\/media?parent=25806"}],"wp:term":[{"taxonomy":"category","embeddable":true,"href":"https:\/\/www.oparanews.com.br\/index.php\/wp-json\/wp\/v2\/categories?post=25806"},{"taxonomy":"post_tag","embeddable":true,"href":"https:\/\/www.oparanews.com.br\/index.php\/wp-json\/wp\/v2\/tags?post=25806"}],"curies":[{"name":"wp","href":"https:\/\/api.w.org\/{rel}","templated":true}]}}