{"id":25827,"date":"2022-11-16T15:10:57","date_gmt":"2022-11-16T18:10:57","guid":{"rendered":"https:\/\/www.oparanews.com.br\/?p=25827"},"modified":"2022-11-16T15:10:57","modified_gmt":"2022-11-16T18:10:57","slug":"carlinhos-maia-conta-sobre-abusos-sexuais-na-infancia-tive-episodios-com-quatro-pessoas","status":"publish","type":"post","link":"https:\/\/www.oparanews.com.br\/index.php\/2022\/11\/16\/carlinhos-maia-conta-sobre-abusos-sexuais-na-infancia-tive-episodios-com-quatro-pessoas\/","title":{"rendered":"Carlinhos Maia conta sobre abusos sexuais na inf\u00e2ncia: &#8220;Tive epis\u00f3dios com quatro pessoas&#8221;"},"content":{"rendered":"<p>Carlinhos Maia contou, durante bate-papo com Camila Loures e Lucas Guimar\u00e3es, no PodCats, que sofreu abuso sexual quando era crian\u00e7a. Quem perguntou sobre o assunto foi o ex-marido do influencer, que atualmente substitui Virginia Fonseca no quadro para o Youtube.<\/p>\n<p>&nbsp;<\/p>\n<p>&#8220;Nunca falei [publicamente], de fato, sobre isso. Mas sempre falei internamente, entre a gente. N\u00e3o sei se pela situa\u00e7\u00e3o da vila ou se pela situa\u00e7\u00e3o daquele momento que eu vivi ali. Minha m\u00e3e tem uma vendinha, que ela ia trabalhar e eu ficava vendendo. Ent\u00e3o, isso acontecia. N\u00e3o \u00e9 uma coisa que eu me sinta confort\u00e1vel em falar. Isso acontecia muito com pessoas pr\u00f3ximas. (&#8230;) Era muito frequente, era uma coisa que acontecia muito. Numa fase da minha vida aconteceu muito. Ent\u00e3o, eu era muito crian\u00e7a tamb\u00e9m. Eu ficava sozinho l\u00e1 [na venda]. (&#8230;) Ent\u00e3o, os meninos mais velhos, os homens mais velhos da rua, sabe? Minha m\u00e3e, surda, que o povo chacotiava (sic). Imagina uma crian\u00e7a ficar sozinha em casa e ter que trabalhar vendendo as coisas da casa e a\u00ed levavam essas coisas. E minha m\u00e3e chegava em casa e me dava uma pisa porque ela achava que eu tinha comido as pipocas, as coisas&#8221;, contou ele.<\/p>\n<p>&nbsp;<\/p>\n<p>O influencer ainda disse que era chantageado pelos abusadores: &#8220;Eles amea\u00e7avam: &#8216;Se voc\u00ea contar a algu\u00e9m, vou dizer ao seu pai que voc\u00ea faz isso com a gente&#8217;. Eu tive fases felizes na inf\u00e2ncia, mas essas fases&#8230; eu s\u00f3 fui contar sobre isso depois de muito tempo&#8221;<\/p>\n<p>&nbsp;<\/p>\n<p>Carlinhos admitiu que ainda tem contato com os abusadores. \u201cS\u00e3o pessoas que, inclusive, eu at\u00e9 vejo quando vou na vila. Gente que \u00e9 casada. [\u2026] Oxe, eu tenho epis\u00f3dios, assim, na [minha] cabe\u00e7a, de ser quatro pessoas [praticando os abusos]. Real. Sem mentira. Isso n\u00e3o \u00e9 pra comover ningu\u00e9m, n\u00e3o, porque isso n\u00e3o \u00e9 hist\u00f3ria bonita de como\u00e7\u00e3o. Mas imagine, isso acontecia comigo e acontece com tanta gente, o tempo todo. Esse \u00e9 um dos meus traumas, por exemplo, de pegar crian\u00e7a no colo. Eu n\u00e3o sou ped\u00f3filo, n\u00e3o \u00e9 sobre isso. \u00c9 que tanta coisa aconteceu comigo, que abomino a ideia de pensarem isso sobre mim\u201d, declarou.<\/p>\n<p>&nbsp;<\/p>\n<p>&nbsp;<\/p>\n<p>&nbsp;<\/p>\n<p><strong>Fonte: Quem<\/strong><\/p>\n<p>&nbsp;<\/p>\n","protected":false},"excerpt":{"rendered":"<p>Carlinhos Maia contou, durante bate-papo com Camila Loures e Lucas Guimar\u00e3es, no PodCats, que sofreu abuso sexual quando era crian\u00e7a. Quem perguntou sobre o assunto foi o ex-marido do influencer, que atualmente substitui Virginia Fonseca no quadro para o Youtube. &nbsp; &#8220;Nunca falei [publicamente], de fato, sobre isso. Mas sempre falei internamente, entre a gente. &hellip;<\/p>\n","protected":false},"author":2,"featured_media":25828,"comment_status":"open","ping_status":"open","sticky":false,"template":"","format":"standard","meta":{"_jetpack_memberships_contains_paid_content":false,"footnotes":""},"categories":[1,7,3],"tags":[],"class_list":["post-25827","post","type-post","status-publish","format-standard","has-post-thumbnail","hentry","category-destaque","category-entretenimento","category-penedo"],"jetpack_featured_media_url":"https:\/\/www.oparanews.com.br\/wp-content\/uploads\/2022\/11\/Sem-titulo-7.png","jetpack_sharing_enabled":true,"_links":{"self":[{"href":"https:\/\/www.oparanews.com.br\/index.php\/wp-json\/wp\/v2\/posts\/25827","targetHints":{"allow":["GET"]}}],"collection":[{"href":"https:\/\/www.oparanews.com.br\/index.php\/wp-json\/wp\/v2\/posts"}],"about":[{"href":"https:\/\/www.oparanews.com.br\/index.php\/wp-json\/wp\/v2\/types\/post"}],"author":[{"embeddable":true,"href":"https:\/\/www.oparanews.com.br\/index.php\/wp-json\/wp\/v2\/users\/2"}],"replies":[{"embeddable":true,"href":"https:\/\/www.oparanews.com.br\/index.php\/wp-json\/wp\/v2\/comments?post=25827"}],"version-history":[{"count":1,"href":"https:\/\/www.oparanews.com.br\/index.php\/wp-json\/wp\/v2\/posts\/25827\/revisions"}],"predecessor-version":[{"id":25829,"href":"https:\/\/www.oparanews.com.br\/index.php\/wp-json\/wp\/v2\/posts\/25827\/revisions\/25829"}],"wp:featuredmedia":[{"embeddable":true,"href":"https:\/\/www.oparanews.com.br\/index.php\/wp-json\/wp\/v2\/media\/25828"}],"wp:attachment":[{"href":"https:\/\/www.oparanews.com.br\/index.php\/wp-json\/wp\/v2\/media?parent=25827"}],"wp:term":[{"taxonomy":"category","embeddable":true,"href":"https:\/\/www.oparanews.com.br\/index.php\/wp-json\/wp\/v2\/categories?post=25827"},{"taxonomy":"post_tag","embeddable":true,"href":"https:\/\/www.oparanews.com.br\/index.php\/wp-json\/wp\/v2\/tags?post=25827"}],"curies":[{"name":"wp","href":"https:\/\/api.w.org\/{rel}","templated":true}]}}