{"id":25843,"date":"2022-11-17T21:00:15","date_gmt":"2022-11-18T00:00:15","guid":{"rendered":"https:\/\/www.oparanews.com.br\/?p=25843"},"modified":"2022-11-17T21:00:15","modified_gmt":"2022-11-18T00:00:15","slug":"vereador-dr-epson-propoe-reativar-sobreaviso-e-cirurgias-de-emergencia-no-hospital-regional-de-penedo","status":"publish","type":"post","link":"https:\/\/www.oparanews.com.br\/index.php\/2022\/11\/17\/vereador-dr-epson-propoe-reativar-sobreaviso-e-cirurgias-de-emergencia-no-hospital-regional-de-penedo\/","title":{"rendered":"Vereador Dr. Epson prop\u00f5e reativar sobreaviso e cirurgias de emerg\u00eancia no Hospital Regional de Penedo"},"content":{"rendered":"<p>Profissional m\u00e9dico com larga experi\u00eancia de trabalho e o vereador desde 2020, Dr. Epson (Jos\u00e9 Epson Valente Costa) conhece a import\u00e2ncia da realiza\u00e7\u00e3o de mais cirurgias pela Santa Casa de Penedo.<\/p>\n<p>&nbsp;<\/p>\n<p>O servi\u00e7o realizado no Hospital Regional da institui\u00e7\u00e3o filantr\u00f3pica que depende basicamente de recursos do SUS est\u00e1 funcionando apenas para procedimentos agendados, as chamadas cirurgias eletivas.<\/p>\n<p>&nbsp;<\/p>\n<p>De acordo com informa\u00e7\u00f5es da administra\u00e7\u00e3o da unidade de sa\u00fade, o centro cir\u00fargico pode funcionar inclusive nos finais de semana, atendendo diariamente casos de urg\u00eancia com equipe de sobreaviso, se houver o repasse mensal no valor de sessenta mil reais.<\/p>\n<p>&nbsp;<\/p>\n<p>Por isso, o Dr. Epson apoia que o or\u00e7amento do munic\u00edpio de 2023 inclua essa rubrica, assim como todos os colegas parlamentares se posicionaram no \u00faltimo dia 10 na C\u00e2mara.<\/p>\n<p>&nbsp;<\/p>\n<p>Ainda durante a mesma reuni\u00e3o, Dr. Epson requereu a conclus\u00e3o dos servi\u00e7os na rua que teve sua estrutura aberta para o escoamento das \u00e1guas das chuvas no bairro Nossa Senhora de F\u00e1tima, popular Coreia.<\/p>\n<p>&nbsp;<\/p>\n<p>A interven\u00e7\u00e3o emergencial j\u00e1 foi reparada, mas ainda resta concluir, da maneira devida, a pavimenta\u00e7\u00e3o da via p\u00fablica. O vereador tamb\u00e9m apela para a constru\u00e7\u00e3o de uma nova ponte na estrada da Ponta Mofina e o asfaltamento dos acessos \u00e0 UPA de Penedo, visando reduzir o desconforto para pacientes transportados nas ambul\u00e2ncias.<\/p>\n<p>&nbsp;<\/p>\n<p>&nbsp;<\/p>\n<p>&nbsp;<\/p>\n<p><strong>Fonte: Ascom CMP<\/strong><\/p>\n<p>&nbsp;<\/p>\n","protected":false},"excerpt":{"rendered":"<p>Profissional m\u00e9dico com larga experi\u00eancia de trabalho e o vereador desde 2020, Dr. Epson (Jos\u00e9 Epson Valente Costa) conhece a import\u00e2ncia da realiza\u00e7\u00e3o de mais cirurgias pela Santa Casa de Penedo. &nbsp; O servi\u00e7o realizado no Hospital Regional da institui\u00e7\u00e3o filantr\u00f3pica que depende basicamente de recursos do SUS est\u00e1 funcionando apenas para procedimentos agendados, as &hellip;<\/p>\n","protected":false},"author":2,"featured_media":25844,"comment_status":"open","ping_status":"open","sticky":false,"template":"","format":"standard","meta":{"_jetpack_memberships_contains_paid_content":false,"footnotes":""},"categories":[4,3],"tags":[],"class_list":["post-25843","post","type-post","status-publish","format-standard","has-post-thumbnail","hentry","category-alagoas","category-penedo"],"jetpack_featured_media_url":"https:\/\/www.oparanews.com.br\/wp-content\/uploads\/2022\/11\/Sem-titulo-1.jpg","jetpack_sharing_enabled":true,"_links":{"self":[{"href":"https:\/\/www.oparanews.com.br\/index.php\/wp-json\/wp\/v2\/posts\/25843","targetHints":{"allow":["GET"]}}],"collection":[{"href":"https:\/\/www.oparanews.com.br\/index.php\/wp-json\/wp\/v2\/posts"}],"about":[{"href":"https:\/\/www.oparanews.com.br\/index.php\/wp-json\/wp\/v2\/types\/post"}],"author":[{"embeddable":true,"href":"https:\/\/www.oparanews.com.br\/index.php\/wp-json\/wp\/v2\/users\/2"}],"replies":[{"embeddable":true,"href":"https:\/\/www.oparanews.com.br\/index.php\/wp-json\/wp\/v2\/comments?post=25843"}],"version-history":[{"count":1,"href":"https:\/\/www.oparanews.com.br\/index.php\/wp-json\/wp\/v2\/posts\/25843\/revisions"}],"predecessor-version":[{"id":25845,"href":"https:\/\/www.oparanews.com.br\/index.php\/wp-json\/wp\/v2\/posts\/25843\/revisions\/25845"}],"wp:featuredmedia":[{"embeddable":true,"href":"https:\/\/www.oparanews.com.br\/index.php\/wp-json\/wp\/v2\/media\/25844"}],"wp:attachment":[{"href":"https:\/\/www.oparanews.com.br\/index.php\/wp-json\/wp\/v2\/media?parent=25843"}],"wp:term":[{"taxonomy":"category","embeddable":true,"href":"https:\/\/www.oparanews.com.br\/index.php\/wp-json\/wp\/v2\/categories?post=25843"},{"taxonomy":"post_tag","embeddable":true,"href":"https:\/\/www.oparanews.com.br\/index.php\/wp-json\/wp\/v2\/tags?post=25843"}],"curies":[{"name":"wp","href":"https:\/\/api.w.org\/{rel}","templated":true}]}}