{"id":25852,"date":"2022-11-18T08:27:25","date_gmt":"2022-11-18T11:27:25","guid":{"rendered":"https:\/\/www.oparanews.com.br\/?p=25852"},"modified":"2022-11-18T08:27:25","modified_gmt":"2022-11-18T11:27:25","slug":"camara-municipal-de-penedo-empossa-ernande-pinheiro-e-concede-titulo-de-cidadao-penedense-para-sergio-onofre","status":"publish","type":"post","link":"https:\/\/www.oparanews.com.br\/index.php\/2022\/11\/18\/camara-municipal-de-penedo-empossa-ernande-pinheiro-e-concede-titulo-de-cidadao-penedense-para-sergio-onofre\/","title":{"rendered":"C\u00e2mara Municipal de Penedo empossa Ernande Pinheiro e concede t\u00edtulo de cidad\u00e3o penedense para S\u00e9rgio Onofre"},"content":{"rendered":"<p>A sess\u00e3o ordin\u00e1ria da C\u00e2mara Municipal de Penedo (CMP) desta quinta-feira, 17, foi marcada pela emo\u00e7\u00e3o. O sentimento de gratid\u00e3o marcou o retorno do Vereador Ernande Pinheiro ao plen\u00e1rio onde legislou de 2017 a 2020 e tamb\u00e9m durante a concess\u00e3o do t\u00edtulo de cidad\u00e3o honor\u00e1rio de Penedo ao professor S\u00e9rgio Onofre, idealizador e coordenador geral do Circuito Penedo de Cinema.<\/p>\n<p>&nbsp;<\/p>\n<p>As solenidades come\u00e7aram com a posse de Ernande Gama Pinheiro, parlamentar que reassume seu lugar na casa legislativa devido ao afastamento do Vereador Irm\u00e3o Jo\u00e3o para administrar a Secretaria Municipal de Meio Ambiente e Recursos H\u00eddricos (Semarh).<\/p>\n<p>&nbsp;<\/p>\n<p>\u201cEstou honrado em retornar e a raz\u00e3o de estar aqui s\u00e3o voc\u00eas. O povo ganhou mais um aliado na C\u00e2mara\u201d, afirmou Ernande Pinheiro em seu discurso, reafirmando seu compromisso com a popula\u00e7\u00e3o e os servidores p\u00fablicos municipais, destacando ainda a import\u00e2ncia do voto consciente.<\/p>\n<p>&nbsp;<\/p>\n<p>Na elei\u00e7\u00e3o 2020, o servidor p\u00fablico do INSS recebeu 524 votos, n\u00famero acima do obtido por dois colegas parlamentares, mas n\u00e3o continuou na C\u00e2mara desde o in\u00edcio de 2021 por causa dos c\u00e1lculos relacionados com o coeficiente eleitoral e a proporcionalidade de representa\u00e7\u00e3o das coliga\u00e7\u00f5es partid\u00e1rias na casa legislativa.<\/p>\n<p>&nbsp;<\/p>\n<p>Visivelmente emocionado, Ernande Pinheiro agradeceu \u00e0 sua fam\u00edlia, aos eleitores e vereadores de Pia\u00e7abu\u00e7u que estavam no plen\u00e1rio, mencionando especialmente seu filho e tamb\u00e9m edil Deda Lobo.<\/p>\n<p><a href=\"http:\/\/www.oparanews.com.br\/wp-content\/uploads\/2022\/11\/ernande.jpg\"><img loading=\"lazy\" decoding=\"async\" class=\"aligncenter size-full wp-image-25854\" src=\"http:\/\/www.oparanews.com.br\/wp-content\/uploads\/2022\/11\/ernande.jpg\" alt=\"\" width=\"792\" height=\"445\" srcset=\"https:\/\/www.oparanews.com.br\/wp-content\/uploads\/2022\/11\/ernande.jpg 792w, https:\/\/www.oparanews.com.br\/wp-content\/uploads\/2022\/11\/ernande-300x169.jpg 300w, https:\/\/www.oparanews.com.br\/wp-content\/uploads\/2022\/11\/ernande-768x432.jpg 768w, https:\/\/www.oparanews.com.br\/wp-content\/uploads\/2022\/11\/ernande-390x220.jpg 390w\" sizes=\"auto, (max-width: 792px) 100vw, 792px\" \/><\/a><\/p>\n<p>Ele destacou que estava vivendo um \u201cmomento \u00edmpar\u201d de sua vida, o acolhimento dos colegas parlamentares, especialmente do Presidente J\u00f9nior do T\u00f3; a alta aprova\u00e7\u00e3o popular do Prefeito Ronaldo Lopes, seu compromisso de aprovar projetos em benef\u00edcios do povo e manter sua atua\u00e7\u00e3o com o papel de fiscalizador e a miss\u00e3o de destravar, junto \u00e0 Codevasf, o projeto de cal\u00e7amento para o povoado Palmeira Alta, or\u00e7ado em R$ 1,5 milh\u00e3o.<\/p>\n<p>&nbsp;<\/p>\n<p><strong>Cidad\u00e3o Penedense<\/strong><\/p>\n<p>&nbsp;<\/p>\n<p>Por iniciativa do Vereador Bili Marques, o professor S\u00e9rgio Onofre j\u00e1 pode dizer que tamb\u00e9m \u00e9 um penedense. O reconhecimento ao trabalho desenvolvido h\u00e1 mais de uma d\u00e9cada pelo coordenador geral do Circuito Penedo de Cinema, em sua 12\u00aa edi\u00e7\u00e3o, veio carregado de emo\u00e7\u00e3o.<\/p>\n<p>&nbsp;<\/p>\n<p>Com a voz embargada, o docente da Universidade Federal de Alagoas e tamb\u00e9m Coordenador de A\u00e7\u00f5es Culturais da Pr\u00f3-reitoria de Extens\u00e3o da Ufal, frisou a import\u00e2ncia do \u201cser penedense\u201d, com base em sua viv\u00eancia no munic\u00edpio desde 2006, quando chegou na cidade, junto com a interioriza\u00e7\u00e3o do ensino superior federal, obra do governo Lula.<\/p>\n<p>&nbsp;<\/p>\n<p>Antes disso, S\u00e9rgio Onofre j\u00e1 havia trabalhado em Penedo, como professor de Hist\u00f3ria na Faculdade Raimundo Marinho, \u00e0 \u00e9poca Faculdade de Forma\u00e7\u00e3o de Professores de Penedo, onde lecionou na turma do vereador que fez a indica\u00e7\u00e3o do t\u00edtulo de cidad\u00e3o penedense.<\/p>\n<p>&nbsp;<\/p>\n<p>O homenageado leu ainda a mensagem que publicou em suas redes sociais.<\/p>\n<p><a href=\"http:\/\/www.oparanews.com.br\/wp-content\/uploads\/2022\/11\/junior-sergio-bili-e1668734918927-696x619-1.jpg\"><img loading=\"lazy\" decoding=\"async\" class=\"aligncenter size-full wp-image-25855\" src=\"http:\/\/www.oparanews.com.br\/wp-content\/uploads\/2022\/11\/junior-sergio-bili-e1668734918927-696x619-1.jpg\" alt=\"\" width=\"696\" height=\"619\" srcset=\"https:\/\/www.oparanews.com.br\/wp-content\/uploads\/2022\/11\/junior-sergio-bili-e1668734918927-696x619-1.jpg 696w, https:\/\/www.oparanews.com.br\/wp-content\/uploads\/2022\/11\/junior-sergio-bili-e1668734918927-696x619-1-300x267.jpg 300w\" sizes=\"auto, (max-width: 696px) 100vw, 696px\" \/><\/a><\/p>\n<p>\u201cEntendo esse reconhecimento como acolhimento de uma pessoa que adotou e agora \u00e9 oficialmente adotado por esta cidade. E falo de ado\u00e7\u00e3o no sentido literal: abrigar, amparar, apoiar, proteger, resguardar, enfim, de cuidar, de se preocupar com futuro, de querer contribuir para que aquele(a) que trazemos para junto da gente tenha um futuro melhor, se desenvolva, progrida, avance sempre mais, conquiste sempre mais do que j\u00e1 conquistou\u201d, descreveu sobre o sentimento do t\u00edtulo que recebe com felicidade, satisfa\u00e7\u00e3o e orgulho, agradecendo ao vereador Bili Marques e demais parlamentares penedenses.<\/p>\n<p>&nbsp;<\/p>\n<p>&nbsp;<\/p>\n<p>&nbsp;<\/p>\n<p><strong>Fonte: Assessoria da C\u00e2mara Municipal de Penedo<\/strong><\/p>\n<p>&nbsp;<\/p>\n","protected":false},"excerpt":{"rendered":"<p>A sess\u00e3o ordin\u00e1ria da C\u00e2mara Municipal de Penedo (CMP) desta quinta-feira, 17, foi marcada pela emo\u00e7\u00e3o. O sentimento de gratid\u00e3o marcou o retorno do Vereador Ernande Pinheiro ao plen\u00e1rio onde legislou de 2017 a 2020 e tamb\u00e9m durante a concess\u00e3o do t\u00edtulo de cidad\u00e3o honor\u00e1rio de Penedo ao professor S\u00e9rgio Onofre, idealizador e coordenador geral &hellip;<\/p>\n","protected":false},"author":2,"featured_media":25853,"comment_status":"open","ping_status":"open","sticky":false,"template":"","format":"standard","meta":{"_jetpack_memberships_contains_paid_content":false,"footnotes":""},"categories":[1,3],"tags":[],"class_list":["post-25852","post","type-post","status-publish","format-standard","has-post-thumbnail","hentry","category-destaque","category-penedo"],"jetpack_featured_media_url":"https:\/\/www.oparanews.com.br\/wp-content\/uploads\/2022\/11\/posse-ernande-pinheiro-titulo-sergio-onofre.jpeg","jetpack_sharing_enabled":true,"_links":{"self":[{"href":"https:\/\/www.oparanews.com.br\/index.php\/wp-json\/wp\/v2\/posts\/25852","targetHints":{"allow":["GET"]}}],"collection":[{"href":"https:\/\/www.oparanews.com.br\/index.php\/wp-json\/wp\/v2\/posts"}],"about":[{"href":"https:\/\/www.oparanews.com.br\/index.php\/wp-json\/wp\/v2\/types\/post"}],"author":[{"embeddable":true,"href":"https:\/\/www.oparanews.com.br\/index.php\/wp-json\/wp\/v2\/users\/2"}],"replies":[{"embeddable":true,"href":"https:\/\/www.oparanews.com.br\/index.php\/wp-json\/wp\/v2\/comments?post=25852"}],"version-history":[{"count":1,"href":"https:\/\/www.oparanews.com.br\/index.php\/wp-json\/wp\/v2\/posts\/25852\/revisions"}],"predecessor-version":[{"id":25856,"href":"https:\/\/www.oparanews.com.br\/index.php\/wp-json\/wp\/v2\/posts\/25852\/revisions\/25856"}],"wp:featuredmedia":[{"embeddable":true,"href":"https:\/\/www.oparanews.com.br\/index.php\/wp-json\/wp\/v2\/media\/25853"}],"wp:attachment":[{"href":"https:\/\/www.oparanews.com.br\/index.php\/wp-json\/wp\/v2\/media?parent=25852"}],"wp:term":[{"taxonomy":"category","embeddable":true,"href":"https:\/\/www.oparanews.com.br\/index.php\/wp-json\/wp\/v2\/categories?post=25852"},{"taxonomy":"post_tag","embeddable":true,"href":"https:\/\/www.oparanews.com.br\/index.php\/wp-json\/wp\/v2\/tags?post=25852"}],"curies":[{"name":"wp","href":"https:\/\/api.w.org\/{rel}","templated":true}]}}