{"id":25912,"date":"2022-11-24T21:09:08","date_gmt":"2022-11-25T00:09:08","guid":{"rendered":"https:\/\/www.oparanews.com.br\/?p=25912"},"modified":"2022-11-24T21:09:08","modified_gmt":"2022-11-25T00:09:08","slug":"orla-de-penedo-tera-iluminacao-com-led-rede-de-fios-embutida-e-nova-calcada","status":"publish","type":"post","link":"https:\/\/www.oparanews.com.br\/index.php\/2022\/11\/24\/orla-de-penedo-tera-iluminacao-com-led-rede-de-fios-embutida-e-nova-calcada\/","title":{"rendered":"Orla de Penedo ter\u00e1 ilumina\u00e7\u00e3o com LED, rede de fios embutida e nova cal\u00e7ada"},"content":{"rendered":"<p>O Prefeito Ronaldo Lopes realiza mais uma obra que melhora a qualidade de vida da popula\u00e7\u00e3o de Penedo, trabalho que acrescenta mais beleza aos atrativos tur\u00edsticos da cidade.<\/p>\n<p>&nbsp;<\/p>\n<p>O investimento iniciado na orla ribeirinha vai melhorar a ilumina\u00e7\u00e3o do passeio e da via p\u00fablica, com toda a fia\u00e7\u00e3o embutida e novo piso para o cal\u00e7ad\u00e3o no trecho entre o porto das balsas e o acesso \u00e0 estrada Euclides Idalino, nas imedia\u00e7\u00f5es da sede da SMTT.<\/p>\n<p>&nbsp;<\/p>\n<p>A instala\u00e7\u00e3o do projeto da Superintend\u00eancia de Ilumina\u00e7\u00e3o P\u00fablica de Penedo (Sipe) j\u00e1 est\u00e1 sendo feita com recursos da CIP (Contribui\u00e7\u00e3o de Ilumina\u00e7\u00e3o P\u00fablica) que devolvem ao povo R$ 252.098,44 (duzentos e cinquenta e dois mil, noventa e oito reais e quarenta e quatro centavos) pagos na tarifa de energia.<\/p>\n<p>&nbsp;<\/p>\n<p>\u201cN\u00f3s estamos substituindo toda a rede desse trecho, com toda fia\u00e7\u00e3o embutidas para 60 postes com l\u00e2mpadas de LED, inclusive tr\u00eas torres com refletores no porto das balsas\u201d, informa Ricardo Ara\u00fajo, gestor da Sipe que acompanha pessoalmente o passo a passo do mais recente avan\u00e7o do programa Penedo Mais Iluminada.<\/p>\n<p>&nbsp;<\/p>\n<p>\u201cN\u00f3s vamos fazer uma ilumina\u00e7\u00e3o moderna, totalmente nova, toda de LED, desde o in\u00edcio do cais at\u00e9 a rampa da balsa, e nos acessos para nossas \u00e1reas de eventos. Tamb\u00e9m vamos fazer a cal\u00e7ada com piso intertravado, colocar bancos e plantar \u00e1rvores, embutindo a fia\u00e7\u00e3o para deixar nossa orla muito mais bonita\u201d, acrescenta o Prefeito Ronaldo Lopes sobre a obra que \u00e9 mais um marco no desenvolvimento de Penedo.<\/p>\n<p>&nbsp;<\/p>\n<p>&nbsp;<\/p>\n<p><strong>Fonte: Secom PMP<\/strong><\/p>\n<p>&nbsp;<\/p>\n","protected":false},"excerpt":{"rendered":"<p>O Prefeito Ronaldo Lopes realiza mais uma obra que melhora a qualidade de vida da popula\u00e7\u00e3o de Penedo, trabalho que acrescenta mais beleza aos atrativos tur\u00edsticos da cidade. &nbsp; O investimento iniciado na orla ribeirinha vai melhorar a ilumina\u00e7\u00e3o do passeio e da via p\u00fablica, com toda a fia\u00e7\u00e3o embutida e novo piso para o &hellip;<\/p>\n","protected":false},"author":2,"featured_media":25913,"comment_status":"open","ping_status":"open","sticky":false,"template":"","format":"standard","meta":{"_jetpack_memberships_contains_paid_content":false,"footnotes":""},"categories":[1,3],"tags":[],"class_list":["post-25912","post","type-post","status-publish","format-standard","has-post-thumbnail","hentry","category-destaque","category-penedo"],"jetpack_featured_media_url":"https:\/\/www.oparanews.com.br\/wp-content\/uploads\/2022\/11\/penedo-sipe-orla-cidade-foto-fernando-vinicius-6.jpeg","jetpack_sharing_enabled":true,"_links":{"self":[{"href":"https:\/\/www.oparanews.com.br\/index.php\/wp-json\/wp\/v2\/posts\/25912","targetHints":{"allow":["GET"]}}],"collection":[{"href":"https:\/\/www.oparanews.com.br\/index.php\/wp-json\/wp\/v2\/posts"}],"about":[{"href":"https:\/\/www.oparanews.com.br\/index.php\/wp-json\/wp\/v2\/types\/post"}],"author":[{"embeddable":true,"href":"https:\/\/www.oparanews.com.br\/index.php\/wp-json\/wp\/v2\/users\/2"}],"replies":[{"embeddable":true,"href":"https:\/\/www.oparanews.com.br\/index.php\/wp-json\/wp\/v2\/comments?post=25912"}],"version-history":[{"count":1,"href":"https:\/\/www.oparanews.com.br\/index.php\/wp-json\/wp\/v2\/posts\/25912\/revisions"}],"predecessor-version":[{"id":25914,"href":"https:\/\/www.oparanews.com.br\/index.php\/wp-json\/wp\/v2\/posts\/25912\/revisions\/25914"}],"wp:featuredmedia":[{"embeddable":true,"href":"https:\/\/www.oparanews.com.br\/index.php\/wp-json\/wp\/v2\/media\/25913"}],"wp:attachment":[{"href":"https:\/\/www.oparanews.com.br\/index.php\/wp-json\/wp\/v2\/media?parent=25912"}],"wp:term":[{"taxonomy":"category","embeddable":true,"href":"https:\/\/www.oparanews.com.br\/index.php\/wp-json\/wp\/v2\/categories?post=25912"},{"taxonomy":"post_tag","embeddable":true,"href":"https:\/\/www.oparanews.com.br\/index.php\/wp-json\/wp\/v2\/tags?post=25912"}],"curies":[{"name":"wp","href":"https:\/\/api.w.org\/{rel}","templated":true}]}}