{"id":25921,"date":"2022-11-25T11:14:55","date_gmt":"2022-11-25T14:14:55","guid":{"rendered":"https:\/\/www.oparanews.com.br\/?p=25921"},"modified":"2022-11-25T11:14:55","modified_gmt":"2022-11-25T14:14:55","slug":"prefeitura-de-penedo-antecipa-feriado-do-dia-do-evangelico-e-decreta-ponto-facultativo","status":"publish","type":"post","link":"https:\/\/www.oparanews.com.br\/index.php\/2022\/11\/25\/prefeitura-de-penedo-antecipa-feriado-do-dia-do-evangelico-e-decreta-ponto-facultativo\/","title":{"rendered":"Prefeitura de Penedo antecipa feriado do Dia do Evang\u00e9lico e decreta ponto facultativo"},"content":{"rendered":"<p>O feriado estadual em homenagem ao Dia do Evang\u00e9lico, comemorado em 30 de novembro, est\u00e1 antecipado pela Prefeitura de Penedo para segunda-feira, 28.<\/p>\n<p>&nbsp;<\/p>\n<p>O ato administrativo que visa gerar economicidade \u00e0 administra\u00e7\u00e3o das reparti\u00e7\u00f5es p\u00fablicas tamb\u00e9m estabelece ponto facultativo para o funcionalismo municipal.<\/p>\n<p>&nbsp;<\/p>\n<p>As medidas est\u00e3o publicadas no Decreto Municipal n\u00ba 816, publicada nesta sexta-feira, 25.<\/p>\n<p>&nbsp;<\/p>\n<p><a href=\"https:\/\/penedo.al.gov.br\/wp-content\/uploads\/2022\/11\/DECRETO-MUNICIPAL-N.o-816-2022-PONTO-FACULTATIVO-DIA-DO-EVANGELICO-2022.25.11-ass.pdf\"><strong>DECRETO MUNICIPAL N.\u00ba 816-2022 \u2013 PONTO FACULTATIVO DIA DO EVANG\u00c9LICO-2022.25.11 ass<\/strong><\/a><\/p>\n<p>&nbsp;<\/p>\n<p>&nbsp;<\/p>\n<p>&nbsp;<\/p>\n<p><strong>Fonte: Secom PMP<\/strong><\/p>\n<p>&nbsp;<\/p>\n","protected":false},"excerpt":{"rendered":"<p>O feriado estadual em homenagem ao Dia do Evang\u00e9lico, comemorado em 30 de novembro, est\u00e1 antecipado pela Prefeitura de Penedo para segunda-feira, 28. &nbsp; O ato administrativo que visa gerar economicidade \u00e0 administra\u00e7\u00e3o das reparti\u00e7\u00f5es p\u00fablicas tamb\u00e9m estabelece ponto facultativo para o funcionalismo municipal. &nbsp; As medidas est\u00e3o publicadas no Decreto Municipal n\u00ba 816, publicada &hellip;<\/p>\n","protected":false},"author":2,"featured_media":25922,"comment_status":"open","ping_status":"open","sticky":false,"template":"","format":"standard","meta":{"_jetpack_memberships_contains_paid_content":false,"footnotes":""},"categories":[1,3],"tags":[],"class_list":["post-25921","post","type-post","status-publish","format-standard","has-post-thumbnail","hentry","category-destaque","category-penedo"],"jetpack_featured_media_url":"https:\/\/www.oparanews.com.br\/wp-content\/uploads\/2022\/11\/prefeitura-de-penedo-foto-deywesson-duarte2.jpg","jetpack_sharing_enabled":true,"_links":{"self":[{"href":"https:\/\/www.oparanews.com.br\/index.php\/wp-json\/wp\/v2\/posts\/25921","targetHints":{"allow":["GET"]}}],"collection":[{"href":"https:\/\/www.oparanews.com.br\/index.php\/wp-json\/wp\/v2\/posts"}],"about":[{"href":"https:\/\/www.oparanews.com.br\/index.php\/wp-json\/wp\/v2\/types\/post"}],"author":[{"embeddable":true,"href":"https:\/\/www.oparanews.com.br\/index.php\/wp-json\/wp\/v2\/users\/2"}],"replies":[{"embeddable":true,"href":"https:\/\/www.oparanews.com.br\/index.php\/wp-json\/wp\/v2\/comments?post=25921"}],"version-history":[{"count":1,"href":"https:\/\/www.oparanews.com.br\/index.php\/wp-json\/wp\/v2\/posts\/25921\/revisions"}],"predecessor-version":[{"id":25923,"href":"https:\/\/www.oparanews.com.br\/index.php\/wp-json\/wp\/v2\/posts\/25921\/revisions\/25923"}],"wp:featuredmedia":[{"embeddable":true,"href":"https:\/\/www.oparanews.com.br\/index.php\/wp-json\/wp\/v2\/media\/25922"}],"wp:attachment":[{"href":"https:\/\/www.oparanews.com.br\/index.php\/wp-json\/wp\/v2\/media?parent=25921"}],"wp:term":[{"taxonomy":"category","embeddable":true,"href":"https:\/\/www.oparanews.com.br\/index.php\/wp-json\/wp\/v2\/categories?post=25921"},{"taxonomy":"post_tag","embeddable":true,"href":"https:\/\/www.oparanews.com.br\/index.php\/wp-json\/wp\/v2\/tags?post=25921"}],"curies":[{"name":"wp","href":"https:\/\/api.w.org\/{rel}","templated":true}]}}