{"id":25924,"date":"2022-11-25T11:16:40","date_gmt":"2022-11-25T14:16:40","guid":{"rendered":"https:\/\/www.oparanews.com.br\/?p=25924"},"modified":"2022-11-25T11:16:40","modified_gmt":"2022-11-25T14:16:40","slug":"penedo-recebe-nova-remessa-de-vacinas-contra-a-covid-19","status":"publish","type":"post","link":"https:\/\/www.oparanews.com.br\/index.php\/2022\/11\/25\/penedo-recebe-nova-remessa-de-vacinas-contra-a-covid-19\/","title":{"rendered":"Penedo recebe nova remessa de vacinas contra a Covid-19"},"content":{"rendered":"<p>A Prefeitura de Penedo, atrav\u00e9s da Secretaria Municipal de Sa\u00fade (SEMS), recebe nesta sexta-feira (25), uma nova remessa das vacinas contra a Covid-19.<\/p>\n<p>&nbsp;<\/p>\n<p>O munic\u00edpio est\u00e1 abastecido para atender a popula\u00e7\u00e3o com os imunizantes Astrazeneca, Coronavac, Pfizer Adulto e Pfizer Pedi\u00e1trica.<\/p>\n<p>&nbsp;<\/p>\n<p>A vacina\u00e7\u00e3o \u00e9 a principal forma de preven\u00e7\u00e3o contra casos mais graves da Covid-19 e a gest\u00e3o de Ronaldo Lopes sempre trabalha para oferecer a popula\u00e7\u00e3o a imuniza\u00e7\u00e3o para manter o v\u00edrus controlado no munic\u00edpio.<\/p>\n<p>&nbsp;<\/p>\n<p>Quem ainda n\u00e3o completou o esquema vacinal da coronav\u00edrus, deve ficar atento ao cronograma de vacina\u00e7\u00e3o de cada posto de sa\u00fade da SEMS e vacinar-se.<\/p>\n<p>&nbsp;<\/p>\n<p>Vale lembrar que a 4\u00aa dose est\u00e1 dispon\u00edvel apenas para pessoas com 40 anos ou mais e profissionais de sa\u00fade.<\/p>\n<p>&nbsp;<\/p>\n<p>&nbsp;<\/p>\n<p>&nbsp;<\/p>\n<p><strong>por Gabriela Flores \u2013 SEMS Penedo<\/strong><\/p>\n<p>&nbsp;<\/p>\n","protected":false},"excerpt":{"rendered":"<p>A Prefeitura de Penedo, atrav\u00e9s da Secretaria Municipal de Sa\u00fade (SEMS), recebe nesta sexta-feira (25), uma nova remessa das vacinas contra a Covid-19. &nbsp; O munic\u00edpio est\u00e1 abastecido para atender a popula\u00e7\u00e3o com os imunizantes Astrazeneca, Coronavac, Pfizer Adulto e Pfizer Pedi\u00e1trica. &nbsp; A vacina\u00e7\u00e3o \u00e9 a principal forma de preven\u00e7\u00e3o contra casos mais graves &hellip;<\/p>\n","protected":false},"author":2,"featured_media":25925,"comment_status":"open","ping_status":"open","sticky":false,"template":"","format":"standard","meta":{"_jetpack_memberships_contains_paid_content":false,"footnotes":""},"categories":[1,3],"tags":[],"class_list":["post-25924","post","type-post","status-publish","format-standard","has-post-thumbnail","hentry","category-destaque","category-penedo"],"jetpack_featured_media_url":"https:\/\/www.oparanews.com.br\/wp-content\/uploads\/2022\/11\/vacina-contra-covid-19-penedo-foto-deywesson-duarte.jpg","jetpack_sharing_enabled":true,"_links":{"self":[{"href":"https:\/\/www.oparanews.com.br\/index.php\/wp-json\/wp\/v2\/posts\/25924","targetHints":{"allow":["GET"]}}],"collection":[{"href":"https:\/\/www.oparanews.com.br\/index.php\/wp-json\/wp\/v2\/posts"}],"about":[{"href":"https:\/\/www.oparanews.com.br\/index.php\/wp-json\/wp\/v2\/types\/post"}],"author":[{"embeddable":true,"href":"https:\/\/www.oparanews.com.br\/index.php\/wp-json\/wp\/v2\/users\/2"}],"replies":[{"embeddable":true,"href":"https:\/\/www.oparanews.com.br\/index.php\/wp-json\/wp\/v2\/comments?post=25924"}],"version-history":[{"count":1,"href":"https:\/\/www.oparanews.com.br\/index.php\/wp-json\/wp\/v2\/posts\/25924\/revisions"}],"predecessor-version":[{"id":25926,"href":"https:\/\/www.oparanews.com.br\/index.php\/wp-json\/wp\/v2\/posts\/25924\/revisions\/25926"}],"wp:featuredmedia":[{"embeddable":true,"href":"https:\/\/www.oparanews.com.br\/index.php\/wp-json\/wp\/v2\/media\/25925"}],"wp:attachment":[{"href":"https:\/\/www.oparanews.com.br\/index.php\/wp-json\/wp\/v2\/media?parent=25924"}],"wp:term":[{"taxonomy":"category","embeddable":true,"href":"https:\/\/www.oparanews.com.br\/index.php\/wp-json\/wp\/v2\/categories?post=25924"},{"taxonomy":"post_tag","embeddable":true,"href":"https:\/\/www.oparanews.com.br\/index.php\/wp-json\/wp\/v2\/tags?post=25924"}],"curies":[{"name":"wp","href":"https:\/\/api.w.org\/{rel}","templated":true}]}}