{"id":25942,"date":"2022-11-26T20:45:56","date_gmt":"2022-11-26T23:45:56","guid":{"rendered":"https:\/\/www.oparanews.com.br\/?p=25942"},"modified":"2022-11-26T20:45:56","modified_gmt":"2022-11-26T23:45:56","slug":"empresarios-de-penedo-poderao-expor-e-vender-seus-produtos-durante-o-trakto-show-penedo","status":"publish","type":"post","link":"https:\/\/www.oparanews.com.br\/index.php\/2022\/11\/26\/empresarios-de-penedo-poderao-expor-e-vender-seus-produtos-durante-o-trakto-show-penedo\/","title":{"rendered":"Empres\u00e1rios de Penedo poder\u00e3o expor e vender seus produtos durante o Trakto Show Penedo"},"content":{"rendered":"<p>Empres\u00e1rios de Penedo e regi\u00e3o ter\u00e3o a oportunidade de fazer parte do Trakto Show Penedo. Eles ter\u00e3o a oportunidade expor e comercializar os seus produtos durante a realiza\u00e7\u00e3o do evento, que ser\u00e1 nos dias 03 e 04 de dezembro, de forma descentralizada no Centro Hist\u00f3rico, na Avenida Floriano Peixoto e no Largo de S\u00e3o Gon\u00e7alo.<\/p>\n<p>&nbsp;<\/p>\n<p>Para fazer o pr\u00e9-cadastro, \u00e9 muito simples. Basta acessar o site <a href=\"https:\/\/penedo.al.gov.br\/pre-cadastro-para-empresas-na-trakto-penedo\/\"><strong>https:\/\/penedo.al.gov.br\/pre-cadastro-para-empresas-na-trakto-penedo\/<\/strong><\/a> e preencher o formul\u00e1rio com todos os dados solicitados. Ap\u00f3s isso, \u00e9 s\u00f3 aguardar o contato da equipe Trakto.<\/p>\n<p>&nbsp;<\/p>\n<p>O Trakto Show Penedo \u00e9 um dos maiores eventos de inova\u00e7\u00e3o, tecnologia, marketing e empreendedorismo digital do Nordeste, e ser\u00e1 realizado pela primeira vez e de forma gratuita, na cidade de Penedo. As atra\u00e7\u00f5es oficiais ainda n\u00e3o foram divulgadas, mas o evento contar\u00e1 com artistas renomados, que v\u00e3o falar sobre empreendedorismo, marketing, criatividade, inova\u00e7\u00e3o e vendas. Ser\u00e3o dois dias intensos, com mais de 30 palestras, workshops, experi\u00eancias \u00fanicas e mentorias exclusivas.<\/p>\n<p>&nbsp;<\/p>\n<p>&nbsp;<\/p>\n<p>&nbsp;<\/p>\n<p><strong>Fonte: Assessoria Setur Penedo<\/strong><\/p>\n<p>&nbsp;<\/p>\n","protected":false},"excerpt":{"rendered":"<p>Empres\u00e1rios de Penedo e regi\u00e3o ter\u00e3o a oportunidade de fazer parte do Trakto Show Penedo. Eles ter\u00e3o a oportunidade expor e comercializar os seus produtos durante a realiza\u00e7\u00e3o do evento, que ser\u00e1 nos dias 03 e 04 de dezembro, de forma descentralizada no Centro Hist\u00f3rico, na Avenida Floriano Peixoto e no Largo de S\u00e3o Gon\u00e7alo. &hellip;<\/p>\n","protected":false},"author":2,"featured_media":25943,"comment_status":"open","ping_status":"open","sticky":false,"template":"","format":"standard","meta":{"_jetpack_memberships_contains_paid_content":false,"footnotes":""},"categories":[1,3],"tags":[],"class_list":["post-25942","post","type-post","status-publish","format-standard","has-post-thumbnail","hentry","category-destaque","category-penedo"],"jetpack_featured_media_url":"https:\/\/www.oparanews.com.br\/wp-content\/uploads\/2022\/11\/Foto2107202014285517.jpg","jetpack_sharing_enabled":true,"_links":{"self":[{"href":"https:\/\/www.oparanews.com.br\/index.php\/wp-json\/wp\/v2\/posts\/25942","targetHints":{"allow":["GET"]}}],"collection":[{"href":"https:\/\/www.oparanews.com.br\/index.php\/wp-json\/wp\/v2\/posts"}],"about":[{"href":"https:\/\/www.oparanews.com.br\/index.php\/wp-json\/wp\/v2\/types\/post"}],"author":[{"embeddable":true,"href":"https:\/\/www.oparanews.com.br\/index.php\/wp-json\/wp\/v2\/users\/2"}],"replies":[{"embeddable":true,"href":"https:\/\/www.oparanews.com.br\/index.php\/wp-json\/wp\/v2\/comments?post=25942"}],"version-history":[{"count":1,"href":"https:\/\/www.oparanews.com.br\/index.php\/wp-json\/wp\/v2\/posts\/25942\/revisions"}],"predecessor-version":[{"id":25944,"href":"https:\/\/www.oparanews.com.br\/index.php\/wp-json\/wp\/v2\/posts\/25942\/revisions\/25944"}],"wp:featuredmedia":[{"embeddable":true,"href":"https:\/\/www.oparanews.com.br\/index.php\/wp-json\/wp\/v2\/media\/25943"}],"wp:attachment":[{"href":"https:\/\/www.oparanews.com.br\/index.php\/wp-json\/wp\/v2\/media?parent=25942"}],"wp:term":[{"taxonomy":"category","embeddable":true,"href":"https:\/\/www.oparanews.com.br\/index.php\/wp-json\/wp\/v2\/categories?post=25942"},{"taxonomy":"post_tag","embeddable":true,"href":"https:\/\/www.oparanews.com.br\/index.php\/wp-json\/wp\/v2\/tags?post=25942"}],"curies":[{"name":"wp","href":"https:\/\/api.w.org\/{rel}","templated":true}]}}