{"id":25955,"date":"2022-11-27T21:10:41","date_gmt":"2022-11-28T00:10:41","guid":{"rendered":"https:\/\/www.oparanews.com.br\/?p=25955"},"modified":"2022-11-27T21:11:39","modified_gmt":"2022-11-28T00:11:39","slug":"alagoas-registra-132-casos-e-duas-mortes-por-covid-em-24-horas","status":"publish","type":"post","link":"https:\/\/www.oparanews.com.br\/index.php\/2022\/11\/27\/alagoas-registra-132-casos-e-duas-mortes-por-covid-em-24-horas\/","title":{"rendered":"Alagoas registra 132 casos e duas mortes por Covid em 24 horas"},"content":{"rendered":"<p>Alagoas registrou 132 novos casos e duas mortes por Covid, segundo o mais recente boletim epidemiol\u00f3gico da Secretaria de Estado da Sa\u00fade (Sesau) divulgado neste domingo (27). O total de casos em investiga\u00e7\u00e3o \u00e9 1.114.<\/p>\n<p>&nbsp;<\/p>\n<p>Desde o in\u00edcio da pandemia, em 2020, o estado j\u00e1 contabilizou 323.618 casos conhecidos da doen\u00e7a e 7.139 \u00f3bitos.<\/p>\n<p>&nbsp;<\/p>\n<p>Desse total de pessoas diagnosticadas com Covid, 314.876 est\u00e3o recuperadas, ou seja, j\u00e1 cumpriram o per\u00edodo de isolamento necess\u00e1rio e n\u00e3o apresentam mais sintomas.<\/p>\n<p>&nbsp;<\/p>\n<p><strong>Ocupa\u00e7\u00e3o de leitos<\/strong><\/p>\n<p>&nbsp;<\/p>\n<p>Dos 138 leitos exclusivos para pacientes com suspeita ou confirma\u00e7\u00e3o de Covid e S\u00edndrome Respirat\u00f3ria Aguda Grave (SRAG), 29 estavam ocupados at\u00e9 as 16h, o equivalente a 20% de ocupa\u00e7\u00e3o. Esse percentual leva em conta todos os tipos de leitos.<\/p>\n<p>&nbsp;<\/p>\n<p>Considerando apenas os leitos de UTI, dos 35 dispon\u00edveis, 6 estavam com pacientes, o que corresponde a 17% de ocupa\u00e7\u00e3o. O interior n\u00e3o tem nenhum paciente internado em UTI. J\u00e1 Macei\u00f3 tem seis leitos desse tipo com pacientes, uma ocupa\u00e7\u00e3o de 29%.<\/p>\n<p>&nbsp;<\/p>\n<p>&nbsp;<\/p>\n<p>&nbsp;<\/p>\n<p><strong>Fonte: G1\/AL<\/strong><\/p>\n<p>&nbsp;<\/p>\n","protected":false},"excerpt":{"rendered":"<p>Alagoas registrou 132 novos casos e duas mortes por Covid, segundo o mais recente boletim epidemiol\u00f3gico da Secretaria de Estado da Sa\u00fade (Sesau) divulgado neste domingo (27). O total de casos em investiga\u00e7\u00e3o \u00e9 1.114. &nbsp; Desde o in\u00edcio da pandemia, em 2020, o estado j\u00e1 contabilizou 323.618 casos conhecidos da doen\u00e7a e 7.139 \u00f3bitos. &hellip;<\/p>\n","protected":false},"author":2,"featured_media":25958,"comment_status":"open","ping_status":"open","sticky":false,"template":"","format":"standard","meta":{"_jetpack_memberships_contains_paid_content":false,"footnotes":""},"categories":[4,1],"tags":[],"class_list":["post-25955","post","type-post","status-publish","format-standard","has-post-thumbnail","hentry","category-alagoas","category-destaque"],"jetpack_featured_media_url":"https:\/\/www.oparanews.com.br\/wp-content\/uploads\/2022\/11\/Sem-titulo-4.jpg","jetpack_sharing_enabled":true,"_links":{"self":[{"href":"https:\/\/www.oparanews.com.br\/index.php\/wp-json\/wp\/v2\/posts\/25955","targetHints":{"allow":["GET"]}}],"collection":[{"href":"https:\/\/www.oparanews.com.br\/index.php\/wp-json\/wp\/v2\/posts"}],"about":[{"href":"https:\/\/www.oparanews.com.br\/index.php\/wp-json\/wp\/v2\/types\/post"}],"author":[{"embeddable":true,"href":"https:\/\/www.oparanews.com.br\/index.php\/wp-json\/wp\/v2\/users\/2"}],"replies":[{"embeddable":true,"href":"https:\/\/www.oparanews.com.br\/index.php\/wp-json\/wp\/v2\/comments?post=25955"}],"version-history":[{"count":1,"href":"https:\/\/www.oparanews.com.br\/index.php\/wp-json\/wp\/v2\/posts\/25955\/revisions"}],"predecessor-version":[{"id":25957,"href":"https:\/\/www.oparanews.com.br\/index.php\/wp-json\/wp\/v2\/posts\/25955\/revisions\/25957"}],"wp:featuredmedia":[{"embeddable":true,"href":"https:\/\/www.oparanews.com.br\/index.php\/wp-json\/wp\/v2\/media\/25958"}],"wp:attachment":[{"href":"https:\/\/www.oparanews.com.br\/index.php\/wp-json\/wp\/v2\/media?parent=25955"}],"wp:term":[{"taxonomy":"category","embeddable":true,"href":"https:\/\/www.oparanews.com.br\/index.php\/wp-json\/wp\/v2\/categories?post=25955"},{"taxonomy":"post_tag","embeddable":true,"href":"https:\/\/www.oparanews.com.br\/index.php\/wp-json\/wp\/v2\/tags?post=25955"}],"curies":[{"name":"wp","href":"https:\/\/api.w.org\/{rel}","templated":true}]}}