{"id":25962,"date":"2022-11-28T21:50:25","date_gmt":"2022-11-29T00:50:25","guid":{"rendered":"https:\/\/www.oparanews.com.br\/?p=25962"},"modified":"2022-11-28T21:50:25","modified_gmt":"2022-11-29T00:50:25","slug":"curso-de-administracao-hoteleira-esta-com-inscricoes-abertas-em-penedo","status":"publish","type":"post","link":"https:\/\/www.oparanews.com.br\/index.php\/2022\/11\/28\/curso-de-administracao-hoteleira-esta-com-inscricoes-abertas-em-penedo\/","title":{"rendered":"Curso de Administra\u00e7\u00e3o Hoteleira est\u00e1 com inscri\u00e7\u00f5es abertas em Penedo"},"content":{"rendered":"<p>A Prefeitura de Penedo, atrav\u00e9s da Secretaria de Turismo, em parceria com a empresa Cerqueira e Mendon\u00e7a, abriu vagas para o curso de Administra\u00e7\u00e3o Hoteleira. As inscri\u00e7\u00f5es v\u00e3o at\u00e9 o dia 30 de novembro, e a capacita\u00e7\u00e3o se estende at\u00e9 o dia 19 de dezembro.<\/p>\n<p>&nbsp;<\/p>\n<p>O curso de Administra\u00e7\u00e3o Hoteleira \u00e9 destinado para qualquer pessoa interessada na \u00e1rea, mas \u00e9 recomendado, principalmente, para empres\u00e1rios que atuam nos meios de hospedagem da cidade de Penedo.<\/p>\n<p>&nbsp;<\/p>\n<p>O curso ter\u00e1 carga hor\u00e1ria de 60 horas e ser\u00e1 ministrado por Alba Cerqueira, profissional formada em Hotelaria, e dentre os temas abordados est\u00e3o Hotelaria, O Papel do Administrador, Planejamento e Diagn\u00f3stico, Marketing, Segmenta\u00e7\u00e3o do Mercado, Plano de A\u00e7\u00e3o, Recursos Humanos, Hospedagem, Governan\u00e7a e muito mais.<\/p>\n<p>&nbsp;<\/p>\n<p>Para Jair Galv\u00e3o, secret\u00e1rio de Turismo, a realiza\u00e7\u00e3o de uma capacita\u00e7\u00e3o como essa \u00e9 de extrema import\u00e2ncia e influencia diretamente no desenvolvimento e fortalecimento da rede tur\u00edstica da cidade de Penedo.<\/p>\n<p>&nbsp;<\/p>\n<p>\u201cQuando proporcionamos a chance de atualiza\u00e7\u00e3o e capacita\u00e7\u00e3o para os nossos profissionais, o setor tur\u00edstico avan\u00e7a, isso \u00e9 inevit\u00e1vel. Vamos sempre continuar executando a\u00e7\u00f5es como essa, pois a rede tur\u00edstica precisa ser cada vez mais fortalecida, al\u00e9m de que \u00e9 uma das respons\u00e1veis pela gera\u00e7\u00e3o de emprego e renda no munic\u00edpio\u201d, explicou o gestor da SETUR.<\/p>\n<p>&nbsp;<\/p>\n<p>As inscri\u00e7\u00f5es podem ser feitas atrav\u00e9s do link <a href=\"https:\/\/docs.google.com\/forms\/d\/e\/1FAIpQLSf67rs7w_tpkgFLAlfoi7h4X5Eo0F_CH9NflMrr-MEPcuKO1g\/viewform?pli=1\"><strong>https:\/\/docs.google.com\/forms\/d\/e\/1FAIpQLSf67rs7w_tpkgFLAlfoi7h4X5Eo0F_CH9NflMrr-MEPcuKO1g\/viewform?pli=1<\/strong><\/a>, ou na sede da Secretaria de Turismo, que fica localizada na Avenida Get\u00falio Vargas, N\u00ba 56, ao lado do Col\u00e9gio Imaculada.<\/p>\n<p>&nbsp;<\/p>\n<p>Vale lembrar que, para se inscrever, os empres\u00e1rios devem apresentar documento de identifica\u00e7\u00e3o com foto. E no caso de estudantes, documento de identifica\u00e7\u00e3o com foto e comprovante de escolaridade. A SETUR entrar\u00e1 em contato com todos os selecionados.<\/p>\n<p>&nbsp;<\/p>\n<p>&nbsp;<\/p>\n<p>&nbsp;<\/p>\n<p><strong>por Thaciana Lima \u2013 Setur Penedo<\/strong><\/p>\n<p>&nbsp;<\/p>\n","protected":false},"excerpt":{"rendered":"<p>A Prefeitura de Penedo, atrav\u00e9s da Secretaria de Turismo, em parceria com a empresa Cerqueira e Mendon\u00e7a, abriu vagas para o curso de Administra\u00e7\u00e3o Hoteleira. As inscri\u00e7\u00f5es v\u00e3o at\u00e9 o dia 30 de novembro, e a capacita\u00e7\u00e3o se estende at\u00e9 o dia 19 de dezembro. &nbsp; O curso de Administra\u00e7\u00e3o Hoteleira \u00e9 destinado para qualquer &hellip;<\/p>\n","protected":false},"author":2,"featured_media":25963,"comment_status":"open","ping_status":"open","sticky":false,"template":"","format":"standard","meta":{"_jetpack_memberships_contains_paid_content":false,"footnotes":""},"categories":[1,3],"tags":[],"class_list":["post-25962","post","type-post","status-publish","format-standard","has-post-thumbnail","hentry","category-destaque","category-penedo"],"jetpack_featured_media_url":"https:\/\/www.oparanews.com.br\/wp-content\/uploads\/2022\/11\/Prefeitura-de-Penedo-e-Casa-de-Aposentadoria-Foto-Kaio-Fragoso.jpg","jetpack_sharing_enabled":true,"_links":{"self":[{"href":"https:\/\/www.oparanews.com.br\/index.php\/wp-json\/wp\/v2\/posts\/25962","targetHints":{"allow":["GET"]}}],"collection":[{"href":"https:\/\/www.oparanews.com.br\/index.php\/wp-json\/wp\/v2\/posts"}],"about":[{"href":"https:\/\/www.oparanews.com.br\/index.php\/wp-json\/wp\/v2\/types\/post"}],"author":[{"embeddable":true,"href":"https:\/\/www.oparanews.com.br\/index.php\/wp-json\/wp\/v2\/users\/2"}],"replies":[{"embeddable":true,"href":"https:\/\/www.oparanews.com.br\/index.php\/wp-json\/wp\/v2\/comments?post=25962"}],"version-history":[{"count":1,"href":"https:\/\/www.oparanews.com.br\/index.php\/wp-json\/wp\/v2\/posts\/25962\/revisions"}],"predecessor-version":[{"id":25964,"href":"https:\/\/www.oparanews.com.br\/index.php\/wp-json\/wp\/v2\/posts\/25962\/revisions\/25964"}],"wp:featuredmedia":[{"embeddable":true,"href":"https:\/\/www.oparanews.com.br\/index.php\/wp-json\/wp\/v2\/media\/25963"}],"wp:attachment":[{"href":"https:\/\/www.oparanews.com.br\/index.php\/wp-json\/wp\/v2\/media?parent=25962"}],"wp:term":[{"taxonomy":"category","embeddable":true,"href":"https:\/\/www.oparanews.com.br\/index.php\/wp-json\/wp\/v2\/categories?post=25962"},{"taxonomy":"post_tag","embeddable":true,"href":"https:\/\/www.oparanews.com.br\/index.php\/wp-json\/wp\/v2\/tags?post=25962"}],"curies":[{"name":"wp","href":"https:\/\/api.w.org\/{rel}","templated":true}]}}