{"id":25975,"date":"2022-11-29T20:34:27","date_gmt":"2022-11-29T23:34:27","guid":{"rendered":"https:\/\/www.oparanews.com.br\/?p=25975"},"modified":"2022-11-29T20:34:27","modified_gmt":"2022-11-29T23:34:27","slug":"confira-aqui-a-programacao-artistica-do-bom-jesus-2023-de-penedo","status":"publish","type":"post","link":"https:\/\/www.oparanews.com.br\/index.php\/2022\/11\/29\/confira-aqui-a-programacao-artistica-do-bom-jesus-2023-de-penedo\/","title":{"rendered":"Confira aqui a programa\u00e7\u00e3o art\u00edstica do Bom Jesus 2023 de Penedo"},"content":{"rendered":"<p>Chegou ao fim a expectativa sobre a programa\u00e7\u00e3o art\u00edstica da festa do Bom Jesus dos Navegantes de Penedo em 2023.<\/p>\n<p>&nbsp;<\/p>\n<p>Artistas e bandas que se apresentar\u00e3o no palco da Arena de Eventos que ser\u00e1 instalada na orla da cidade foram anunciados pelo Prefeito Ronaldo Lopes nesta ter\u00e7a-feira, 29.<\/p>\n<p>&nbsp;<\/p>\n<p>A divulga\u00e7\u00e3o realizada agora h\u00e1 pouco tamb\u00e9m \u00e9 um marco na comunica\u00e7\u00e3o institucional da Prefeitura de Penedo. Toda a programa\u00e7\u00e3o art\u00edstica foi apresentada durante a estreia do podcast Penedo Pod, uma iniciativa da Secretaria Municipal de Comunica\u00e7\u00e3o (Secom).<\/p>\n<p>&nbsp;<\/p>\n<p>O trabalho transmitido pelo YouTube da PMP e redes sociais do Prefeito Ronaldo Lopes foi organizado por Kim Emmanuel, gestor da Secom e \u00e2ncora do Penedo Pod.<\/p>\n<p>&nbsp;<\/p>\n<p>A divulga\u00e7\u00e3o t\u00e3o esperada sobre o Bom Jesus de Penedo tamb\u00e9m contou com a participa\u00e7\u00e3o de Aliny Costa, Secret\u00e1ria Municipal de Cultura e do Secret\u00e1rio Municipal de Turismo, Jair Galv\u00e3o.<\/p>\n<p>&nbsp;<\/p>\n<p>De forma descontra\u00edda, o an\u00fancio tamb\u00e9m foi uma oportunidade para tratar de temas como Penedo Luz, eventos de grande porte (Festival de M\u00fasica, Circuito Penedo de Cinema e Penedo Trakto Show) e dos trabalhos desenvolvidos pelo Prefeito Ronaldo Lopes.<\/p>\n<p>&nbsp;<\/p>\n<p>Confira abaixo toda a programa\u00e7\u00e3o art\u00edstica do Bom Jesus 2023 de Penedo<\/p>\n<p>&nbsp;<\/p>\n<p><strong>Dia 05 \u2013 Quinta-feira<\/strong><\/p>\n<p>Banda Fio Dental<\/p>\n<p>Ana Lobo<\/p>\n<p>P\u00e9ricles<\/p>\n<p>Wesley Safad\u00e3o<\/p>\n<p>&nbsp;<\/p>\n<p><strong>Dia 6 \u2013 Sexta-feira<\/strong><\/p>\n<p>Maxylene Cruz<\/p>\n<p>Dudu Moral<\/p>\n<p>Ra\u00ed Saia Rodada<\/p>\n<p>Bell Marques<\/p>\n<p>&nbsp;<\/p>\n<p><strong>Dia 7 \u2013 s\u00e1bado<\/strong><\/p>\n<p>Anjos de Resgate \u2013 no palco do Espa\u00e7o da F\u00e9, logo ap\u00f3s a missa das 18 horas<\/p>\n<p>Luan Estilizado<\/p>\n<p>Taty Girl<\/p>\n<p>Z\u00e9 Neto e Cristiano<\/p>\n<p>&nbsp;<\/p>\n<p>&nbsp;<\/p>\n<p>&nbsp;<\/p>\n<p><strong>Fonte: Secom PMP<\/strong><\/p>\n<p>&nbsp;<\/p>\n","protected":false},"excerpt":{"rendered":"<p>Chegou ao fim a expectativa sobre a programa\u00e7\u00e3o art\u00edstica da festa do Bom Jesus dos Navegantes de Penedo em 2023. &nbsp; Artistas e bandas que se apresentar\u00e3o no palco da Arena de Eventos que ser\u00e1 instalada na orla da cidade foram anunciados pelo Prefeito Ronaldo Lopes nesta ter\u00e7a-feira, 29. &nbsp; A divulga\u00e7\u00e3o realizada agora h\u00e1 &hellip;<\/p>\n","protected":false},"author":2,"featured_media":25976,"comment_status":"open","ping_status":"open","sticky":false,"template":"","format":"standard","meta":{"_jetpack_memberships_contains_paid_content":false,"footnotes":""},"categories":[1,3],"tags":[],"class_list":["post-25975","post","type-post","status-publish","format-standard","has-post-thumbnail","hentry","category-destaque","category-penedo"],"jetpack_featured_media_url":"https:\/\/www.oparanews.com.br\/wp-content\/uploads\/2022\/11\/WhatsApp-Image-2022-11-29-at-17.45.12.jpeg","jetpack_sharing_enabled":true,"_links":{"self":[{"href":"https:\/\/www.oparanews.com.br\/index.php\/wp-json\/wp\/v2\/posts\/25975","targetHints":{"allow":["GET"]}}],"collection":[{"href":"https:\/\/www.oparanews.com.br\/index.php\/wp-json\/wp\/v2\/posts"}],"about":[{"href":"https:\/\/www.oparanews.com.br\/index.php\/wp-json\/wp\/v2\/types\/post"}],"author":[{"embeddable":true,"href":"https:\/\/www.oparanews.com.br\/index.php\/wp-json\/wp\/v2\/users\/2"}],"replies":[{"embeddable":true,"href":"https:\/\/www.oparanews.com.br\/index.php\/wp-json\/wp\/v2\/comments?post=25975"}],"version-history":[{"count":1,"href":"https:\/\/www.oparanews.com.br\/index.php\/wp-json\/wp\/v2\/posts\/25975\/revisions"}],"predecessor-version":[{"id":25977,"href":"https:\/\/www.oparanews.com.br\/index.php\/wp-json\/wp\/v2\/posts\/25975\/revisions\/25977"}],"wp:featuredmedia":[{"embeddable":true,"href":"https:\/\/www.oparanews.com.br\/index.php\/wp-json\/wp\/v2\/media\/25976"}],"wp:attachment":[{"href":"https:\/\/www.oparanews.com.br\/index.php\/wp-json\/wp\/v2\/media?parent=25975"}],"wp:term":[{"taxonomy":"category","embeddable":true,"href":"https:\/\/www.oparanews.com.br\/index.php\/wp-json\/wp\/v2\/categories?post=25975"},{"taxonomy":"post_tag","embeddable":true,"href":"https:\/\/www.oparanews.com.br\/index.php\/wp-json\/wp\/v2\/tags?post=25975"}],"curies":[{"name":"wp","href":"https:\/\/api.w.org\/{rel}","templated":true}]}}