{"id":25998,"date":"2022-11-30T21:02:57","date_gmt":"2022-12-01T00:02:57","guid":{"rendered":"https:\/\/www.oparanews.com.br\/?p=25998"},"modified":"2022-11-30T21:02:57","modified_gmt":"2022-12-01T00:02:57","slug":"prefeitura-de-penedo-promove-exames-de-mamografia-para-alunas-da-eja","status":"publish","type":"post","link":"https:\/\/www.oparanews.com.br\/index.php\/2022\/11\/30\/prefeitura-de-penedo-promove-exames-de-mamografia-para-alunas-da-eja\/","title":{"rendered":"Prefeitura de Penedo promove exames de mamografia para alunas da EJA"},"content":{"rendered":"<p>Mulheres matriculadas em Penedo na Educa\u00e7\u00e3o de Jovens e Adultos (EJA) ofertada pela Secretaria Municipal de Educa\u00e7\u00e3o (Semed) foram encaminhadas ao Centro de Diagn\u00f3stico para realizar mamografia.<\/p>\n<p>&nbsp;<\/p>\n<p>A iniciativa da Prefeitura de Penedo \u00e9 resultado da parceria entre as secretarias de Educa\u00e7\u00e3o e Sa\u00fade e atendeu alunas da Escola Professor Arlindo Ferreira, localizada no povoado Campo Redondo.<\/p>\n<p>&nbsp;<\/p>\n<p>A a\u00e7\u00e3o intitulada \u201dQUEM AMA SE CUIDA\u201d foi desenvolvida pela dire\u00e7\u00e3o da Escola Arlindo Ferreira como a\u00e7\u00e3o preventiva de sa\u00fade, para mulheres e homens.<\/p>\n<p>&nbsp;<\/p>\n<p>Al\u00e9m da realiza\u00e7\u00e3o de mamografias no Centro de Diagn\u00f3stico Almir Nogueira Lopes, foram realizados encaminhamento para consultas em outras especialidades e a presen\u00e7a na unidade de ensino de m\u00e9dico para atendimento voltado aos homens.<\/p>\n<p>&nbsp;<\/p>\n<p>Foram realizadas palestras com a especialista Leila Costa Narcizo, da Secretaria Municipal de Sa\u00fade, que entre outros assuntos destacou a import\u00e2ncia do di\u00e1logo entre os casais e o constante cuidado com a sa\u00fade realizando consultas e exames nos postos de sa\u00fade.<\/p>\n<p>&nbsp;<\/p>\n<p>A nutricionista da Secretaria de Municipal de Educa\u00e7\u00e3o, L\u00edvia Gomes, abordou a alimenta\u00e7\u00e3o saud\u00e1vel como pe\u00e7a fundamental na preven\u00e7\u00e3o e promo\u00e7\u00e3o da sa\u00fade.<\/p>\n<p>&nbsp;<\/p>\n<p>Segundo Luciano Lucena, Secret\u00e1rio de Educa\u00e7\u00e3o de Penedo, esta \u00e9 uma iniciativa importante que mobilizou estudantes e seus familiares.<\/p>\n<p>&nbsp;<\/p>\n<p>\u201cEstas a\u00e7\u00f5es buscam integrar o conhecimento da escola \u00e0 vida cotidiana dos estudantes, garantindo autoestima e qualidade de vida, isso significa garantir o direito \u00e0 cidadania\u201d, afirma o gestor da Semed.<\/p>\n<p>&nbsp;<\/p>\n<p>A diretora da Escola Professor Arlindo Ferreira, Mirna Nogueira Rocha, avaliou como muito positivo os resultados alcan\u00e7ados e ressaltou que a parceria ir\u00e1 continuar para atender n\u00e3o s\u00f3 estudantes, mas tamb\u00e9m seus familiares.<\/p>\n<p>&nbsp;<\/p>\n<p>&nbsp;<\/p>\n<p>&nbsp;<\/p>\n<p><strong>por Ricardo J\u00fanior\/Assessoria Semed<\/strong><\/p>\n<p>&nbsp;<\/p>\n","protected":false},"excerpt":{"rendered":"<p>Mulheres matriculadas em Penedo na Educa\u00e7\u00e3o de Jovens e Adultos (EJA) ofertada pela Secretaria Municipal de Educa\u00e7\u00e3o (Semed) foram encaminhadas ao Centro de Diagn\u00f3stico para realizar mamografia. &nbsp; A iniciativa da Prefeitura de Penedo \u00e9 resultado da parceria entre as secretarias de Educa\u00e7\u00e3o e Sa\u00fade e atendeu alunas da Escola Professor Arlindo Ferreira, localizada no &hellip;<\/p>\n","protected":false},"author":2,"featured_media":25999,"comment_status":"open","ping_status":"open","sticky":false,"template":"","format":"standard","meta":{"_jetpack_memberships_contains_paid_content":false,"footnotes":""},"categories":[1,3],"tags":[],"class_list":["post-25998","post","type-post","status-publish","format-standard","has-post-thumbnail","hentry","category-destaque","category-penedo"],"jetpack_featured_media_url":"https:\/\/www.oparanews.com.br\/wp-content\/uploads\/2022\/11\/Sem-titulo-6.jpg","jetpack_sharing_enabled":true,"_links":{"self":[{"href":"https:\/\/www.oparanews.com.br\/index.php\/wp-json\/wp\/v2\/posts\/25998","targetHints":{"allow":["GET"]}}],"collection":[{"href":"https:\/\/www.oparanews.com.br\/index.php\/wp-json\/wp\/v2\/posts"}],"about":[{"href":"https:\/\/www.oparanews.com.br\/index.php\/wp-json\/wp\/v2\/types\/post"}],"author":[{"embeddable":true,"href":"https:\/\/www.oparanews.com.br\/index.php\/wp-json\/wp\/v2\/users\/2"}],"replies":[{"embeddable":true,"href":"https:\/\/www.oparanews.com.br\/index.php\/wp-json\/wp\/v2\/comments?post=25998"}],"version-history":[{"count":1,"href":"https:\/\/www.oparanews.com.br\/index.php\/wp-json\/wp\/v2\/posts\/25998\/revisions"}],"predecessor-version":[{"id":26000,"href":"https:\/\/www.oparanews.com.br\/index.php\/wp-json\/wp\/v2\/posts\/25998\/revisions\/26000"}],"wp:featuredmedia":[{"embeddable":true,"href":"https:\/\/www.oparanews.com.br\/index.php\/wp-json\/wp\/v2\/media\/25999"}],"wp:attachment":[{"href":"https:\/\/www.oparanews.com.br\/index.php\/wp-json\/wp\/v2\/media?parent=25998"}],"wp:term":[{"taxonomy":"category","embeddable":true,"href":"https:\/\/www.oparanews.com.br\/index.php\/wp-json\/wp\/v2\/categories?post=25998"},{"taxonomy":"post_tag","embeddable":true,"href":"https:\/\/www.oparanews.com.br\/index.php\/wp-json\/wp\/v2\/tags?post=25998"}],"curies":[{"name":"wp","href":"https:\/\/api.w.org\/{rel}","templated":true}]}}