{"id":26007,"date":"2022-12-01T13:20:44","date_gmt":"2022-12-01T16:20:44","guid":{"rendered":"https:\/\/www.oparanews.com.br\/?p=26007"},"modified":"2022-12-01T13:20:44","modified_gmt":"2022-12-01T16:20:44","slug":"ivanilde-regueira-e-nomeada-interinamente-para-administrar-a-secretaria-de-assistencia-social-da-prefeitura-de-penedo","status":"publish","type":"post","link":"https:\/\/www.oparanews.com.br\/index.php\/2022\/12\/01\/ivanilde-regueira-e-nomeada-interinamente-para-administrar-a-secretaria-de-assistencia-social-da-prefeitura-de-penedo\/","title":{"rendered":"Ivanilde Regueira \u00e9 nomeada interinamente para administrar a Secretaria de Assist\u00eancia Social da Prefeitura de Penedo"},"content":{"rendered":"<p>O Di\u00e1rio Oficial da Prefeitura de Penedo publica em sua edi\u00e7\u00e3o desta quinta-feira, 01 de dezembro, a nomea\u00e7\u00e3o \u2013 em car\u00e1ter interino \u2013 de Ivanilde Regueira Peixoto Silva para administrar a Secretaria Municipal de Assist\u00eancia Social e Direitos Humanos (SEMASDH).<\/p>\n<p>&nbsp;<\/p>\n<p>Ivanilde Regueira responder\u00e1 pela administra\u00e7\u00e3o da pasta por motivo de solicita\u00e7\u00e3o de f\u00e9rias pelo titular da pasta, Rafael Ferreira, mantendo todos os servi\u00e7os funcionando normalmente da SEMDASH.<\/p>\n<p>&nbsp;<\/p>\n<p>Al\u00e9m do trabalho realizado diariamente nos Centros de Assist\u00eancia Social (CRAS) e no Centro Especializado em Assist\u00eancia Social (CREAS), o setor da Prefeitura de Penedo \u00e9 respons\u00e1vel por incluir pessoas de baixa renda em programas ou na tarifa social de energia el\u00e9trica.<\/p>\n<p>&nbsp;<\/p>\n<p>A Secretaria de Assist\u00eancia Social viabiliza o acesso ao Cadastro \u00d9nico e tamb\u00e9m o primeiro programa de distribui\u00e7\u00e3o renda lan\u00e7ado pela Prefeitura de Penedo, o Mesa Cheia.<\/p>\n<p>&nbsp;<\/p>\n<p><a href=\"https:\/\/penedo.al.gov.br\/wp-content\/uploads\/2022\/12\/PORTARIA-12.414-2022.pdf\"><strong>PORTARIA 12.414-2022<\/strong><\/a><\/p>\n<p>&nbsp;<\/p>\n<p>&nbsp;<\/p>\n<p>&nbsp;<\/p>\n<p><strong>Fonte: Secom PMP<\/strong><\/p>\n<p>&nbsp;<\/p>\n","protected":false},"excerpt":{"rendered":"<p>O Di\u00e1rio Oficial da Prefeitura de Penedo publica em sua edi\u00e7\u00e3o desta quinta-feira, 01 de dezembro, a nomea\u00e7\u00e3o \u2013 em car\u00e1ter interino \u2013 de Ivanilde Regueira Peixoto Silva para administrar a Secretaria Municipal de Assist\u00eancia Social e Direitos Humanos (SEMASDH). &nbsp; Ivanilde Regueira responder\u00e1 pela administra\u00e7\u00e3o da pasta por motivo de solicita\u00e7\u00e3o de f\u00e9rias pelo &hellip;<\/p>\n","protected":false},"author":2,"featured_media":26008,"comment_status":"open","ping_status":"open","sticky":false,"template":"","format":"standard","meta":{"_jetpack_memberships_contains_paid_content":false,"footnotes":""},"categories":[1,3],"tags":[],"class_list":["post-26007","post","type-post","status-publish","format-standard","has-post-thumbnail","hentry","category-destaque","category-penedo"],"jetpack_featured_media_url":"https:\/\/www.oparanews.com.br\/wp-content\/uploads\/2022\/12\/ivanilde-regueira.jpg","jetpack_sharing_enabled":true,"_links":{"self":[{"href":"https:\/\/www.oparanews.com.br\/index.php\/wp-json\/wp\/v2\/posts\/26007","targetHints":{"allow":["GET"]}}],"collection":[{"href":"https:\/\/www.oparanews.com.br\/index.php\/wp-json\/wp\/v2\/posts"}],"about":[{"href":"https:\/\/www.oparanews.com.br\/index.php\/wp-json\/wp\/v2\/types\/post"}],"author":[{"embeddable":true,"href":"https:\/\/www.oparanews.com.br\/index.php\/wp-json\/wp\/v2\/users\/2"}],"replies":[{"embeddable":true,"href":"https:\/\/www.oparanews.com.br\/index.php\/wp-json\/wp\/v2\/comments?post=26007"}],"version-history":[{"count":1,"href":"https:\/\/www.oparanews.com.br\/index.php\/wp-json\/wp\/v2\/posts\/26007\/revisions"}],"predecessor-version":[{"id":26009,"href":"https:\/\/www.oparanews.com.br\/index.php\/wp-json\/wp\/v2\/posts\/26007\/revisions\/26009"}],"wp:featuredmedia":[{"embeddable":true,"href":"https:\/\/www.oparanews.com.br\/index.php\/wp-json\/wp\/v2\/media\/26008"}],"wp:attachment":[{"href":"https:\/\/www.oparanews.com.br\/index.php\/wp-json\/wp\/v2\/media?parent=26007"}],"wp:term":[{"taxonomy":"category","embeddable":true,"href":"https:\/\/www.oparanews.com.br\/index.php\/wp-json\/wp\/v2\/categories?post=26007"},{"taxonomy":"post_tag","embeddable":true,"href":"https:\/\/www.oparanews.com.br\/index.php\/wp-json\/wp\/v2\/tags?post=26007"}],"curies":[{"name":"wp","href":"https:\/\/api.w.org\/{rel}","templated":true}]}}