{"id":26010,"date":"2022-12-01T13:38:02","date_gmt":"2022-12-01T16:38:02","guid":{"rendered":"https:\/\/www.oparanews.com.br\/?p=26010"},"modified":"2022-12-01T15:06:08","modified_gmt":"2022-12-01T18:06:08","slug":"aerton-reis-e-coronel-leal-concorrem-a-presidencia-do-sport-club-penedense","status":"publish","type":"post","link":"https:\/\/www.oparanews.com.br\/index.php\/2022\/12\/01\/aerton-reis-e-coronel-leal-concorrem-a-presidencia-do-sport-club-penedense\/","title":{"rendered":"Aerton Reis e Coronel Leal concorrem \u00e0 presid\u00eancia do Sport Club Penedense"},"content":{"rendered":"<p>Duas chapas foram apresentadas ao Conselho Deliberativo para concorrer \u00e0 presid\u00eancia do Sport Club Penedense. De uma lado est\u00e1 o atual vice-presidente do clube, Aerton Reis e do outro o Coronel Leal.<\/p>\n<p>&nbsp;<\/p>\n<p>Os associados foram convocados a exercer seu direito de voto nas elei\u00e7\u00f5es do clube que acontecer\u00e1 no dia 15 de dezembro de 2022 das 17:00 \u00e0s 20:00 na sede do Sindspem (Sindicato dos Servidores P\u00fablicos Municipais de Penedo), localizado na Pra\u00e7a dos Artistas n.\u00ba 100, centro de Penedo\/AL.<\/p>\n<p>&nbsp;<\/p>\n<p>Segue abaixo os membros da diretoria das chapas registradas para concorrer ao pleito:<\/p>\n<p>&nbsp;<\/p>\n<p><strong>CHAPA &#8211; Aerton Reis (Penedense no Caminho Certo)<\/strong><\/p>\n<p><strong><a href=\"http:\/\/www.oparanews.com.br\/wp-content\/uploads\/2022\/12\/Screenshot_20221201-120049_WhatsApp.jpg\"><img loading=\"lazy\" decoding=\"async\" class=\"alignleft size-medium wp-image-26013\" src=\"http:\/\/www.oparanews.com.br\/wp-content\/uploads\/2022\/12\/Screenshot_20221201-120049_WhatsApp-296x300.jpg\" alt=\"\" width=\"296\" height=\"300\" srcset=\"https:\/\/www.oparanews.com.br\/wp-content\/uploads\/2022\/12\/Screenshot_20221201-120049_WhatsApp-296x300.jpg 296w, https:\/\/www.oparanews.com.br\/wp-content\/uploads\/2022\/12\/Screenshot_20221201-120049_WhatsApp-1011x1024.jpg 1011w, https:\/\/www.oparanews.com.br\/wp-content\/uploads\/2022\/12\/Screenshot_20221201-120049_WhatsApp-768x778.jpg 768w, https:\/\/www.oparanews.com.br\/wp-content\/uploads\/2022\/12\/Screenshot_20221201-120049_WhatsApp.jpg 1063w\" sizes=\"auto, (max-width: 296px) 100vw, 296px\" \/><\/a><\/strong><\/p>\n<p><strong>Presidente<\/strong> &#8211; Aerton Reis<br \/>\n<strong>Vice presidente<\/strong> &#8211; Ant\u00f4nio Sacramento ( Toinho da Rodovi\u00e1ria )<br \/>\n<strong>1\u00basecret\u00e1rio<\/strong> &#8211; Geraldo Jos\u00e9<br \/>\n<strong>2\u00ba secret\u00e1rio<\/strong> &#8211; Maciel Oliveira<br \/>\n<strong>1\u00ba tesoureiro<\/strong> &#8211; Joaquim Reis<br \/>\n<strong>2\u00ba tesoureiro<\/strong> &#8211; Carlos Henrique ( Carlinhos Center )<br \/>\n<strong>Diretor geral de esporte<\/strong> &#8211; Marcelo Lobo<br \/>\n<strong>Diretor de Futebol<\/strong> &#8211; Daniel Mendon\u00e7a<br \/>\n<strong>Diretor m\u00e9dico<\/strong> &#8211; Dr Ronaldo Vieira<\/p>\n<p>&nbsp;<\/p>\n<p>Demais membros das diretorias e departamentos que ser\u00e3o delegados na ata de posse:<\/p>\n<p>&nbsp;<\/p>\n<p><strong>Diretor Jur\u00eddico<\/strong> &#8211; Francisco Lemos J\u00fanior<br \/>\n<strong>Diretor de Patrim\u00f4nio<\/strong> &#8211; Jo\u00e3o Ferreira ( Irmao Jo\u00e3o )<br \/>\n<strong>Diretor Social<\/strong> &#8211; Sidney Pl\u00e1cido Conde<br \/>\n<strong>Departamento de cobran\u00e7a<\/strong> &#8211; Jo\u00e3o Jos\u00e9 ( Jo\u00e3ozinho ) e Ranilson F\u00e9lix<br \/>\n<strong>Diretor de Marketing<\/strong> &#8211; Daniel Almeida<\/p>\n<p>&nbsp;<\/p>\n<p>*Demais membros ligados a diretoria geral de esportes e Futebol:*<\/p>\n<p>&nbsp;<\/p>\n<p><strong>Vice de Futebol<\/strong> &#8211; Geraldo Tavares<br \/>\n<strong>Departamento Feminino<\/strong> &#8211; Nadja Maria<br \/>\n<strong>Departamento de Futsal<\/strong> &#8211; Rodrigo Rocha Bento<br \/>\n<strong>Departamento M\u00e9dico \/ ortopedia<\/strong> &#8211; Dr Adilson Lucena<br \/>\n<strong>Gerente de Futebol<\/strong> &#8211; Erivaldo Dom\u00edcio<br \/>\n<strong>Coordenador T\u00e9cnico<\/strong> &#8211; Evanilson Nunes<\/p>\n<p>&nbsp;<\/p>\n<p><strong>CHAPA &#8211; CORONEL LEAL (Fortalecer para Prosperar)<\/strong><\/p>\n<p><strong><a href=\"http:\/\/www.oparanews.com.br\/wp-content\/uploads\/2022\/12\/20221101_190403.jpg\"><img loading=\"lazy\" decoding=\"async\" class=\"alignleft size-medium wp-image-26012\" src=\"http:\/\/www.oparanews.com.br\/wp-content\/uploads\/2022\/12\/20221101_190403-129x300.jpg\" alt=\"\" width=\"129\" height=\"300\" srcset=\"https:\/\/www.oparanews.com.br\/wp-content\/uploads\/2022\/12\/20221101_190403-129x300.jpg 129w, https:\/\/www.oparanews.com.br\/wp-content\/uploads\/2022\/12\/20221101_190403-441x1024.jpg 441w, https:\/\/www.oparanews.com.br\/wp-content\/uploads\/2022\/12\/20221101_190403.jpg 496w\" sizes=\"auto, (max-width: 129px) 100vw, 129px\" \/><\/a><\/strong><\/p>\n<p><strong>Presidente<\/strong> : Coronel Leal<br \/>\n<strong>Vice Presidente<\/strong> : Chico Pinheiro<br \/>\n<strong>Secret\u00e1rio<\/strong>: Jo\u00e3o Paulo Brand\u00e3o<br \/>\n<strong>Tesoureiro<\/strong>: Z\u00e9 Amancio<br \/>\n<strong>Diretor Geral de Futebol<\/strong>: Valdir Idalino<br \/>\n<strong>Diretor de Patrim\u00f4nio<\/strong>: Manoel Rocha (manezinho)<br \/>\n<strong>Contador<\/strong>: Thiago Tavares<br \/>\n<strong>Departamento Jur\u00eddico<\/strong>: Dr Antonio Carlos<\/p>\n<p>&nbsp;<\/p>\n<p>&nbsp;<\/p>\n<p>&nbsp;<\/p>\n<p>&nbsp;<\/p>\n<p>&nbsp;<\/p>\n<p><strong>por Reda\u00e7\u00e3o<\/strong><\/p>\n<p>&nbsp;<\/p>\n","protected":false},"excerpt":{"rendered":"<p>Duas chapas foram apresentadas ao Conselho Deliberativo para concorrer \u00e0 presid\u00eancia do Sport Club Penedense. De uma lado est\u00e1 o atual vice-presidente do clube, Aerton Reis e do outro o Coronel Leal. &nbsp; Os associados foram convocados a exercer seu direito de voto nas elei\u00e7\u00f5es do clube que acontecer\u00e1 no dia 15 de dezembro de &hellip;<\/p>\n","protected":false},"author":2,"featured_media":26011,"comment_status":"open","ping_status":"open","sticky":false,"template":"","format":"standard","meta":{"_jetpack_memberships_contains_paid_content":false,"footnotes":""},"categories":[1,3],"tags":[],"class_list":["post-26010","post","type-post","status-publish","format-standard","has-post-thumbnail","hentry","category-destaque","category-penedo"],"jetpack_featured_media_url":"https:\/\/www.oparanews.com.br\/wp-content\/uploads\/2022\/12\/5555555555.jpg","jetpack_sharing_enabled":true,"_links":{"self":[{"href":"https:\/\/www.oparanews.com.br\/index.php\/wp-json\/wp\/v2\/posts\/26010","targetHints":{"allow":["GET"]}}],"collection":[{"href":"https:\/\/www.oparanews.com.br\/index.php\/wp-json\/wp\/v2\/posts"}],"about":[{"href":"https:\/\/www.oparanews.com.br\/index.php\/wp-json\/wp\/v2\/types\/post"}],"author":[{"embeddable":true,"href":"https:\/\/www.oparanews.com.br\/index.php\/wp-json\/wp\/v2\/users\/2"}],"replies":[{"embeddable":true,"href":"https:\/\/www.oparanews.com.br\/index.php\/wp-json\/wp\/v2\/comments?post=26010"}],"version-history":[{"count":4,"href":"https:\/\/www.oparanews.com.br\/index.php\/wp-json\/wp\/v2\/posts\/26010\/revisions"}],"predecessor-version":[{"id":26017,"href":"https:\/\/www.oparanews.com.br\/index.php\/wp-json\/wp\/v2\/posts\/26010\/revisions\/26017"}],"wp:featuredmedia":[{"embeddable":true,"href":"https:\/\/www.oparanews.com.br\/index.php\/wp-json\/wp\/v2\/media\/26011"}],"wp:attachment":[{"href":"https:\/\/www.oparanews.com.br\/index.php\/wp-json\/wp\/v2\/media?parent=26010"}],"wp:term":[{"taxonomy":"category","embeddable":true,"href":"https:\/\/www.oparanews.com.br\/index.php\/wp-json\/wp\/v2\/categories?post=26010"},{"taxonomy":"post_tag","embeddable":true,"href":"https:\/\/www.oparanews.com.br\/index.php\/wp-json\/wp\/v2\/tags?post=26010"}],"curies":[{"name":"wp","href":"https:\/\/api.w.org\/{rel}","templated":true}]}}