{"id":26024,"date":"2022-12-02T11:00:24","date_gmt":"2022-12-02T14:00:24","guid":{"rendered":"https:\/\/www.oparanews.com.br\/?p=26024"},"modified":"2022-12-02T11:00:24","modified_gmt":"2022-12-02T14:00:24","slug":"penedo-luz-2022-prioriza-artistas-locais-e-esta-recheado-de-muitas-atracoes","status":"publish","type":"post","link":"https:\/\/www.oparanews.com.br\/index.php\/2022\/12\/02\/penedo-luz-2022-prioriza-artistas-locais-e-esta-recheado-de-muitas-atracoes\/","title":{"rendered":"Penedo Luz 2022 prioriza artistas locais e est\u00e1 recheado de muitas atra\u00e7\u00f5es"},"content":{"rendered":"<p>Uma cidade pronta para encantar moradores e turistas, com novidades a cada esquina do Centro Hist\u00f3rico e muita programa\u00e7\u00e3o cultural at\u00e9 o final do ano. A \u00e9poca natalina \u00e9 tamb\u00e9m a do Penedo Luz, que inicia oficialmente nesta sexta-feira, dia 2 de dezembro.<\/p>\n<p>&nbsp;<\/p>\n<p>\u201cPenedo Luz cheio de novidade n\u00e3o s\u00f3 para os penedenses, mas tamb\u00e9m para todos os turistas de todo Brasil, com uma programa\u00e7\u00e3o extensa valorizado artistas da terra, promovendo a economia da nossa cidade\u201d, ressalta a Secret\u00e1ria Municipal de Cultura, Aliny Costa.<\/p>\n<p>&nbsp;<\/p>\n<p>O Penedo Luz ilumina a cidade de forma especial e proporciona shows gratuitos para a popula\u00e7\u00e3o, priorizando artistas penedenses. \u201cMe lisonjeado em fazer parte de um evento t\u00e3o grandioso e estou bastante feliz por ter mais artistas da terra\u201d, disse o cantor Dan Souza.<\/p>\n<p>&nbsp;<\/p>\n<p>A cantora Maxylene Cruz tamb\u00e9m est\u00e1 entre as atra\u00e7\u00f5es. \u201c\u00c9 um prazer, mais um ano participar desse evento lindo e importante na nossa cidade de Penedo. Sou muito grata a todos da organiza\u00e7\u00e3o pelo carinho e por depositar credibilidade em nosso trabalho. Prometo um show alegre, pra gente dan\u00e7ar e cantar juntos, com muito forr\u00f3 e ax\u00e9\u201d.<\/p>\n<p>&nbsp;<\/p>\n<p>Um dos grandes momentos do Penedo Luz \u00e9 a presen\u00e7a do Papai Noel, que chega \u00e0 Pra\u00e7a 12 de Abril, onde crian\u00e7as e adultos aguardam com muita expectativa. O encontro entre o bom velhinho e as crian\u00e7as \u00e9 acompanhado por evolu\u00e7\u00f5es da Banda Fanfarra F\u00eanix, atra\u00e7\u00f5es circenses e malabarismos realizados por artistas.<\/p>\n<p>&nbsp;<\/p>\n<p><a href=\"http:\/\/www.oparanews.com.br\/wp-content\/uploads\/2022\/12\/WhatsApp-Image-2022-12-01-at-14.55.19-696x870-1.jpeg\"><img loading=\"lazy\" decoding=\"async\" class=\"aligncenter size-full wp-image-26026\" src=\"http:\/\/www.oparanews.com.br\/wp-content\/uploads\/2022\/12\/WhatsApp-Image-2022-12-01-at-14.55.19-696x870-1.jpeg\" alt=\"\" width=\"696\" height=\"870\" srcset=\"https:\/\/www.oparanews.com.br\/wp-content\/uploads\/2022\/12\/WhatsApp-Image-2022-12-01-at-14.55.19-696x870-1.jpeg 696w, https:\/\/www.oparanews.com.br\/wp-content\/uploads\/2022\/12\/WhatsApp-Image-2022-12-01-at-14.55.19-696x870-1-240x300.jpeg 240w\" sizes=\"auto, (max-width: 696px) 100vw, 696px\" \/><\/a><\/p>\n<p>&nbsp;<\/p>\n<p>&nbsp;<\/p>\n<p><strong>Fonte: Secom PMP<\/strong><\/p>\n<p>&nbsp;<\/p>\n","protected":false},"excerpt":{"rendered":"<p>Uma cidade pronta para encantar moradores e turistas, com novidades a cada esquina do Centro Hist\u00f3rico e muita programa\u00e7\u00e3o cultural at\u00e9 o final do ano. A \u00e9poca natalina \u00e9 tamb\u00e9m a do Penedo Luz, que inicia oficialmente nesta sexta-feira, dia 2 de dezembro. &nbsp; \u201cPenedo Luz cheio de novidade n\u00e3o s\u00f3 para os penedenses, mas &hellip;<\/p>\n","protected":false},"author":2,"featured_media":26025,"comment_status":"open","ping_status":"open","sticky":false,"template":"","format":"standard","meta":{"_jetpack_memberships_contains_paid_content":false,"footnotes":""},"categories":[1,3],"tags":[],"class_list":["post-26024","post","type-post","status-publish","format-standard","has-post-thumbnail","hentry","category-destaque","category-penedo"],"jetpack_featured_media_url":"https:\/\/www.oparanews.com.br\/wp-content\/uploads\/2022\/12\/WhatsApp-Image-2022-12-01-at-15.00.39.jpeg","jetpack_sharing_enabled":true,"_links":{"self":[{"href":"https:\/\/www.oparanews.com.br\/index.php\/wp-json\/wp\/v2\/posts\/26024","targetHints":{"allow":["GET"]}}],"collection":[{"href":"https:\/\/www.oparanews.com.br\/index.php\/wp-json\/wp\/v2\/posts"}],"about":[{"href":"https:\/\/www.oparanews.com.br\/index.php\/wp-json\/wp\/v2\/types\/post"}],"author":[{"embeddable":true,"href":"https:\/\/www.oparanews.com.br\/index.php\/wp-json\/wp\/v2\/users\/2"}],"replies":[{"embeddable":true,"href":"https:\/\/www.oparanews.com.br\/index.php\/wp-json\/wp\/v2\/comments?post=26024"}],"version-history":[{"count":1,"href":"https:\/\/www.oparanews.com.br\/index.php\/wp-json\/wp\/v2\/posts\/26024\/revisions"}],"predecessor-version":[{"id":26027,"href":"https:\/\/www.oparanews.com.br\/index.php\/wp-json\/wp\/v2\/posts\/26024\/revisions\/26027"}],"wp:featuredmedia":[{"embeddable":true,"href":"https:\/\/www.oparanews.com.br\/index.php\/wp-json\/wp\/v2\/media\/26025"}],"wp:attachment":[{"href":"https:\/\/www.oparanews.com.br\/index.php\/wp-json\/wp\/v2\/media?parent=26024"}],"wp:term":[{"taxonomy":"category","embeddable":true,"href":"https:\/\/www.oparanews.com.br\/index.php\/wp-json\/wp\/v2\/categories?post=26024"},{"taxonomy":"post_tag","embeddable":true,"href":"https:\/\/www.oparanews.com.br\/index.php\/wp-json\/wp\/v2\/tags?post=26024"}],"curies":[{"name":"wp","href":"https:\/\/api.w.org\/{rel}","templated":true}]}}