{"id":26044,"date":"2022-12-03T21:32:36","date_gmt":"2022-12-04T00:32:36","guid":{"rendered":"https:\/\/www.oparanews.com.br\/?p=26044"},"modified":"2022-12-03T21:32:36","modified_gmt":"2022-12-04T00:32:36","slug":"maceio-registra-alta-no-no-de-caso-de-aids-e-hiv-entre-jovens","status":"publish","type":"post","link":"https:\/\/www.oparanews.com.br\/index.php\/2022\/12\/03\/maceio-registra-alta-no-no-de-caso-de-aids-e-hiv-entre-jovens\/","title":{"rendered":"Macei\u00f3 registra alta no n\u00ba de caso de AIDS e HIV entre jovens"},"content":{"rendered":"<p>O n\u00famero de jovens infectados com HIV vem preocupando as autoridades de sa\u00fade em Macei\u00f3. De acordo com dados da Secretaria Municipal de Sa\u00fade (SMS), a capital alagoana registrou, somente neste ano, 325 casos de pessoas com HIV e 128 casos de Aids. A faixa et\u00e1ria prevalente desses dados \u00e9 na popula\u00e7\u00e3o entre 20 a 34 anos.<\/p>\n<p>&nbsp;<\/p>\n<p>A enfermeira da Ger\u00eancia de IST\/Aids e Hepatites Virais da SMS, G\u00e9ssyca Melo, destaca a import\u00e2ncia da realiza\u00e7\u00e3o do teste r\u00e1pido para o diagn\u00f3stico precoce de infec\u00e7\u00f5es, principalmente entre o p\u00fablico jovem, onde h\u00e1 uma preval\u00eancia dos casos.<\/p>\n<p>&nbsp;<\/p>\n<p>\u201cOs testes r\u00e1pidos atuam como uma importante ferramenta para o diagn\u00f3stico e consequente tratamento precoce do HIV e, hoje, a popula\u00e7\u00e3o tem f\u00e1cil acesso a esse servi\u00e7o em todas as unidades de sa\u00fade. Por isso, refor\u00e7amos \u00e0 popula\u00e7\u00e3o sobre a necessidade de estar se prevenindo e tamb\u00e9m fazer o teste r\u00e1pido, pois a infec\u00e7\u00e3o \u00e9 muito silenciosa\u201d, orienta.<\/p>\n<p>&nbsp;<\/p>\n<p>O Dia Mundial de Luta contra a Aids foi comemorado na \u00faltima quinta-feira (1\u00ba). A data tem como objetivo alertar \u00e0 popula\u00e7\u00e3o sobre a doen\u00e7a, al\u00e9m de fazer uma desconstru\u00e7\u00e3o do preconceito sobre pessoas que vivem com HIV\/Aids e a conscientiza\u00e7\u00e3o dos jovens sobre comportamentos seguros de preven\u00e7\u00e3o.<\/p>\n<p>&nbsp;<\/p>\n<p>Para garantir a assist\u00eancia e o acolhimento dessas pessoas, a Secretaria Municipal de Sa\u00fade (SMS) conta com o PAM Salgadinho &#8211; maior unidade de atendimento especializado em m\u00e9dia complexidade de Macei\u00f3, localizado no bairro do Po\u00e7o, que oferta atendimento especializado e tratamento de pacientes com HIV e outras Infec\u00e7\u00f5es Sexualmente Transmiss\u00edveis (ISTs) no Bloco I da unidade.<\/p>\n<p>&nbsp;<\/p>\n<p>Funcionando por demanda espont\u00e2nea, o atendimento para este p\u00fablico \u00e9 realizado durante todo o ano no Centro de Testagem e Aconselhamento (CTA) do Bloco I, no qual disp\u00f5e de testes r\u00e1pidos para detec\u00e7\u00e3o precoce de doen\u00e7as como HIV, s\u00edfilis e hepatites B e C, al\u00e9m de oferecer medica\u00e7\u00e3o gratuita para o tratamento do HIV\/Aids. O servi\u00e7o tamb\u00e9m \u00e9 ofertado em todas as unidades de sa\u00fade da capital.<\/p>\n<p>&nbsp;<\/p>\n<p><strong>Acesso a exames e tratamento<\/strong><\/p>\n<p>&nbsp;<\/p>\n<p>Para fazer o teste r\u00e1pido nas unidades de sa\u00fade e no CTA do PAM Salgadinho, basta comparecer nos locais, de segunda a sexta-feira. \u00c9 preciso apresentar documento de identidade, comprovante de resid\u00eancia e cart\u00e3o SUS. Nos casos de pessoas em situa\u00e7\u00e3o de rua, que n\u00e3o apresentem documentos pessoais, o teste, ainda assim, \u00e9 realizado e o resultado liberado.<\/p>\n<p>&nbsp;<\/p>\n<p>Usu\u00e1rios com diagn\u00f3stico positivo s\u00e3o encaminhados para os centros de aten\u00e7\u00e3o especializada, que s\u00e3o o Hospital Escola Dr. Helvio Auto (Trapiche da Barra); Hospital Universit\u00e1rio Professor Alberto Antunes (Tabuleiro do Martins) e o Bloco I, do PAM Salgadinho (Po\u00e7o).<\/p>\n<p>&nbsp;<\/p>\n<p>Em todos estes locais, os maceioenses contam com uma equipe multidisciplinar que inicia o acompanhamento adequado para tratamento da infec\u00e7\u00e3o e recupera\u00e7\u00e3o da sa\u00fade e do bem-estar.<\/p>\n<p>&nbsp;<\/p>\n<p><strong>Dezembro Vermelho<\/strong><\/p>\n<p>&nbsp;<\/p>\n<p>A campanha do Dezembro Vermelho marca uma grande mobiliza\u00e7\u00e3o nacional na luta contra o v\u00edrus HIV, Aids e outras Infec\u00e7\u00f5es Sexualmente Transmiss\u00edveis (IST). Durante todo o m\u00eas, as a\u00e7\u00f5es s\u00e3o intensificadas e buscam sensibilizar a popula\u00e7\u00e3o sobre os mecanismos de preven\u00e7\u00e3o e diagn\u00f3stico dessas doen\u00e7as e tamb\u00e9m para a prote\u00e7\u00e3o dos direitos das pessoas infectadas com o HIV\/Aids.<\/p>\n<p>&nbsp;<\/p>\n<p>O m\u00eas de dezembro foi escolhido pelo Minist\u00e9rio da Sa\u00fade em raz\u00e3o do Dia Mundial de Combate \u00e0 Aids, que \u00e9 1\u00ba de dezembro. A cor vermelha, por sua vez, foi escolhida por ser a cor do la\u00e7o, s\u00edmbolo da luta contra a Aids.<\/p>\n<p>&nbsp;<\/p>\n<p>&nbsp;<\/p>\n<p>&nbsp;<\/p>\n<p><strong>por Anna Cl\u00e1udia Almeida\/Gazetaweb Com informa\u00e7\u00f5es da assessoria<\/strong><\/p>\n<p>&nbsp;<\/p>\n","protected":false},"excerpt":{"rendered":"<p>O n\u00famero de jovens infectados com HIV vem preocupando as autoridades de sa\u00fade em Macei\u00f3. De acordo com dados da Secretaria Municipal de Sa\u00fade (SMS), a capital alagoana registrou, somente neste ano, 325 casos de pessoas com HIV e 128 casos de Aids. A faixa et\u00e1ria prevalente desses dados \u00e9 na popula\u00e7\u00e3o entre 20 a &hellip;<\/p>\n","protected":false},"author":2,"featured_media":26045,"comment_status":"open","ping_status":"open","sticky":false,"template":"","format":"standard","meta":{"_jetpack_memberships_contains_paid_content":false,"footnotes":""},"categories":[4,1],"tags":[],"class_list":["post-26044","post","type-post","status-publish","format-standard","has-post-thumbnail","hentry","category-alagoas","category-destaque"],"jetpack_featured_media_url":"https:\/\/www.oparanews.com.br\/wp-content\/uploads\/2022\/12\/TESTE-RAPIDO.jpg","jetpack_sharing_enabled":true,"_links":{"self":[{"href":"https:\/\/www.oparanews.com.br\/index.php\/wp-json\/wp\/v2\/posts\/26044","targetHints":{"allow":["GET"]}}],"collection":[{"href":"https:\/\/www.oparanews.com.br\/index.php\/wp-json\/wp\/v2\/posts"}],"about":[{"href":"https:\/\/www.oparanews.com.br\/index.php\/wp-json\/wp\/v2\/types\/post"}],"author":[{"embeddable":true,"href":"https:\/\/www.oparanews.com.br\/index.php\/wp-json\/wp\/v2\/users\/2"}],"replies":[{"embeddable":true,"href":"https:\/\/www.oparanews.com.br\/index.php\/wp-json\/wp\/v2\/comments?post=26044"}],"version-history":[{"count":1,"href":"https:\/\/www.oparanews.com.br\/index.php\/wp-json\/wp\/v2\/posts\/26044\/revisions"}],"predecessor-version":[{"id":26046,"href":"https:\/\/www.oparanews.com.br\/index.php\/wp-json\/wp\/v2\/posts\/26044\/revisions\/26046"}],"wp:featuredmedia":[{"embeddable":true,"href":"https:\/\/www.oparanews.com.br\/index.php\/wp-json\/wp\/v2\/media\/26045"}],"wp:attachment":[{"href":"https:\/\/www.oparanews.com.br\/index.php\/wp-json\/wp\/v2\/media?parent=26044"}],"wp:term":[{"taxonomy":"category","embeddable":true,"href":"https:\/\/www.oparanews.com.br\/index.php\/wp-json\/wp\/v2\/categories?post=26044"},{"taxonomy":"post_tag","embeddable":true,"href":"https:\/\/www.oparanews.com.br\/index.php\/wp-json\/wp\/v2\/tags?post=26044"}],"curies":[{"name":"wp","href":"https:\/\/api.w.org\/{rel}","templated":true}]}}