{"id":26053,"date":"2022-12-04T14:26:57","date_gmt":"2022-12-04T17:26:57","guid":{"rendered":"https:\/\/www.oparanews.com.br\/?p=26053"},"modified":"2022-12-04T14:26:57","modified_gmt":"2022-12-04T17:26:57","slug":"homem-e-espancado-ate-a-morte-em-agreste-de-alagoas","status":"publish","type":"post","link":"https:\/\/www.oparanews.com.br\/index.php\/2022\/12\/04\/homem-e-espancado-ate-a-morte-em-agreste-de-alagoas\/","title":{"rendered":"Homem \u00e9 espancado at\u00e9 a morte em Agreste de Alagoas"},"content":{"rendered":"<p>Um homem de 45 anos foi espancado at\u00e9 a morte na noite desse s\u00e1bado (3) no s\u00edtio do Meio, na zona rural de Olho D&#8217;\u00e1gua Grande, no Agreste de Alagoas.<\/p>\n<p>&nbsp;<\/p>\n<p>Segundo informa\u00e7\u00f5es apuradas pela reportagem, a v\u00edtima foi identificada como C\u00edcero dos Santos Dias. Ele estava em sua resid\u00eancia, quando dois indiv\u00edduos com capacete chegaram ao local batendo palmas e chamando o homem para abrir a porta.<\/p>\n<p>&nbsp;<\/p>\n<p>C\u00edcero dos Santos, foi ao local e abriu a porta da casa para atender aos criminosos, momento em que um deles efetuou um golpe com uma barra, ainda n\u00e3o se sabe se seria madeira ou ferro, a v\u00edtima caiu no ch\u00e3o e os indiv\u00edduos continuaram as agress\u00f5es, espancando a v\u00edtima at\u00e9 a morte.<\/p>\n<p>&nbsp;<\/p>\n<p>A Pol\u00edcia Militar foi acionada e ao chegar no local do fato a v\u00edtima j\u00e1 se encontrava em \u00f3bito. Foram realizados os primeiros procedimentos no local e os Institutos de Criminal\u00edstica (IC) e o M\u00e9dico Legal (IML) tamb\u00e9m foram acionados para os demais procedimentos.<\/p>\n<p>&nbsp;<\/p>\n<p>&nbsp;<\/p>\n<p>&nbsp;<\/p>\n<p><strong>Fonte: CadaMinuto<\/strong><\/p>\n<p>&nbsp;<\/p>\n","protected":false},"excerpt":{"rendered":"<p>Um homem de 45 anos foi espancado at\u00e9 a morte na noite desse s\u00e1bado (3) no s\u00edtio do Meio, na zona rural de Olho D&#8217;\u00e1gua Grande, no Agreste de Alagoas. &nbsp; Segundo informa\u00e7\u00f5es apuradas pela reportagem, a v\u00edtima foi identificada como C\u00edcero dos Santos Dias. Ele estava em sua resid\u00eancia, quando dois indiv\u00edduos com capacete &hellip;<\/p>\n","protected":false},"author":2,"featured_media":26054,"comment_status":"open","ping_status":"open","sticky":false,"template":"","format":"standard","meta":{"_jetpack_memberships_contains_paid_content":false,"footnotes":""},"categories":[4],"tags":[],"class_list":["post-26053","post","type-post","status-publish","format-standard","has-post-thumbnail","hentry","category-alagoas"],"jetpack_featured_media_url":"https:\/\/www.oparanews.com.br\/wp-content\/uploads\/2022\/12\/rsw_800h_500i_truecg_trueft_cover-1.webp","jetpack_sharing_enabled":true,"_links":{"self":[{"href":"https:\/\/www.oparanews.com.br\/index.php\/wp-json\/wp\/v2\/posts\/26053","targetHints":{"allow":["GET"]}}],"collection":[{"href":"https:\/\/www.oparanews.com.br\/index.php\/wp-json\/wp\/v2\/posts"}],"about":[{"href":"https:\/\/www.oparanews.com.br\/index.php\/wp-json\/wp\/v2\/types\/post"}],"author":[{"embeddable":true,"href":"https:\/\/www.oparanews.com.br\/index.php\/wp-json\/wp\/v2\/users\/2"}],"replies":[{"embeddable":true,"href":"https:\/\/www.oparanews.com.br\/index.php\/wp-json\/wp\/v2\/comments?post=26053"}],"version-history":[{"count":1,"href":"https:\/\/www.oparanews.com.br\/index.php\/wp-json\/wp\/v2\/posts\/26053\/revisions"}],"predecessor-version":[{"id":26055,"href":"https:\/\/www.oparanews.com.br\/index.php\/wp-json\/wp\/v2\/posts\/26053\/revisions\/26055"}],"wp:featuredmedia":[{"embeddable":true,"href":"https:\/\/www.oparanews.com.br\/index.php\/wp-json\/wp\/v2\/media\/26054"}],"wp:attachment":[{"href":"https:\/\/www.oparanews.com.br\/index.php\/wp-json\/wp\/v2\/media?parent=26053"}],"wp:term":[{"taxonomy":"category","embeddable":true,"href":"https:\/\/www.oparanews.com.br\/index.php\/wp-json\/wp\/v2\/categories?post=26053"},{"taxonomy":"post_tag","embeddable":true,"href":"https:\/\/www.oparanews.com.br\/index.php\/wp-json\/wp\/v2\/tags?post=26053"}],"curies":[{"name":"wp","href":"https:\/\/api.w.org\/{rel}","templated":true}]}}