{"id":26063,"date":"2022-12-05T09:50:38","date_gmt":"2022-12-05T12:50:38","guid":{"rendered":"https:\/\/www.oparanews.com.br\/?p=26063"},"modified":"2022-12-05T09:50:38","modified_gmt":"2022-12-05T12:50:38","slug":"camarote-para-shows-da-festa-de-bom-jesus-de-penedo-2023-ja-esta-com-venda-disponivel","status":"publish","type":"post","link":"https:\/\/www.oparanews.com.br\/index.php\/2022\/12\/05\/camarote-para-shows-da-festa-de-bom-jesus-de-penedo-2023-ja-esta-com-venda-disponivel\/","title":{"rendered":"Camarote para shows da Festa de Bom Jesus de Penedo 2023 j\u00e1 est\u00e1 com venda dispon\u00edvel"},"content":{"rendered":"<p>A empresa vencedora da licita\u00e7\u00e3o sobre os direitos de comercializa\u00e7\u00e3o do espa\u00e7o p\u00fablico da Festa do Bom Jesus dos Navegantes 2023, em Penedo, anunciou nesta segunda-feira, 05, o in\u00edcio das vendas do camarote que ser\u00e1 instalado na arena da programa\u00e7\u00e3o art\u00edstica.<\/p>\n<p>&nbsp;<\/p>\n<p>Os interessados podem comprar tanto pela internet, como tamb\u00e9m na loja South Modas Feminina, localizada no Centro Hist\u00f3rico de Penedo, a partir da tarde de hoje.<\/p>\n<p>&nbsp;<\/p>\n<p><a href=\"https:\/\/penedo.al.gov.br\/2022\/11\/29\/confira-aqui-a-programacao-artistica-do-bom-jesus-2023-de-penedo\/\"><strong>VEJA PROGRAMA\u00c7\u00c3O ART\u00cdSTICA DA FESTA<\/strong><\/a><\/p>\n<p>&nbsp;<\/p>\n<p>O pre\u00e7o promocional, que ir\u00e1 durar em torno de 5 a 8 dias, est\u00e1 da seguinte forma:<\/p>\n<p>&nbsp;<\/p>\n<ul>\n<li><strong>R$122,00 \u2013 para um dia de evento<\/strong><\/li>\n<li><strong>R$296,00 \u2013 para os tr\u00eas dias do evento (casadinha)<\/strong><\/li>\n<\/ul>\n<p>&nbsp;<\/p>\n<p>Se optar por adquirir pela internet, ser\u00e1 acrescido o valor da taxa de comodidade (site). E para comprar, <a href=\"https:\/\/sis.ingressosepulseiras.com\/\/lojanew\/form_compra1.asp?tploja=s&amp;eve_cod=3122&amp;usu_id=&amp;pdvWeb=&amp;pdv_id=3&amp;cupom=\"><strong>basta acessar o site Ingressos e Pulseiras<\/strong><\/a> e fazer um cadastro para realizar a compra.<\/p>\n<p>&nbsp;<\/p>\n<p>O site s\u00f3 permite adquirir dois ingressos por cadastro, ou seja, pode-se comprar 3 acessos (por dia) para at\u00e9 duas pessoas em todos ou 2 casadinhas que ir\u00e3o valer pelos tr\u00eas dias do evento.<\/p>\n<p>&nbsp;<\/p>\n<p><a href=\"http:\/\/www.oparanews.com.br\/wp-content\/uploads\/2022\/12\/Screenshot_2.png\"><img loading=\"lazy\" decoding=\"async\" class=\"aligncenter size-full wp-image-26065\" src=\"http:\/\/www.oparanews.com.br\/wp-content\/uploads\/2022\/12\/Screenshot_2.png\" alt=\"\" width=\"1897\" height=\"911\" srcset=\"https:\/\/www.oparanews.com.br\/wp-content\/uploads\/2022\/12\/Screenshot_2.png 1897w, https:\/\/www.oparanews.com.br\/wp-content\/uploads\/2022\/12\/Screenshot_2-300x144.png 300w, https:\/\/www.oparanews.com.br\/wp-content\/uploads\/2022\/12\/Screenshot_2-1024x492.png 1024w, https:\/\/www.oparanews.com.br\/wp-content\/uploads\/2022\/12\/Screenshot_2-768x369.png 768w, https:\/\/www.oparanews.com.br\/wp-content\/uploads\/2022\/12\/Screenshot_2-1536x738.png 1536w\" sizes=\"auto, (max-width: 1897px) 100vw, 1897px\" \/><\/a><\/p>\n<p>&nbsp;<\/p>\n<p>&nbsp;<\/p>\n<p><strong>Fonte: Secom PMP<\/strong><\/p>\n<p>&nbsp;<\/p>\n","protected":false},"excerpt":{"rendered":"<p>A empresa vencedora da licita\u00e7\u00e3o sobre os direitos de comercializa\u00e7\u00e3o do espa\u00e7o p\u00fablico da Festa do Bom Jesus dos Navegantes 2023, em Penedo, anunciou nesta segunda-feira, 05, o in\u00edcio das vendas do camarote que ser\u00e1 instalado na arena da programa\u00e7\u00e3o art\u00edstica. &nbsp; Os interessados podem comprar tanto pela internet, como tamb\u00e9m na loja South Modas &hellip;<\/p>\n","protected":false},"author":2,"featured_media":26064,"comment_status":"open","ping_status":"open","sticky":false,"template":"","format":"standard","meta":{"_jetpack_memberships_contains_paid_content":false,"footnotes":""},"categories":[1,3],"tags":[],"class_list":["post-26063","post","type-post","status-publish","format-standard","has-post-thumbnail","hentry","category-destaque","category-penedo"],"jetpack_featured_media_url":"https:\/\/www.oparanews.com.br\/wp-content\/uploads\/2022\/12\/WhatsApp-Image-2020-01-12-at-01.57.51.jpeg","jetpack_sharing_enabled":true,"_links":{"self":[{"href":"https:\/\/www.oparanews.com.br\/index.php\/wp-json\/wp\/v2\/posts\/26063","targetHints":{"allow":["GET"]}}],"collection":[{"href":"https:\/\/www.oparanews.com.br\/index.php\/wp-json\/wp\/v2\/posts"}],"about":[{"href":"https:\/\/www.oparanews.com.br\/index.php\/wp-json\/wp\/v2\/types\/post"}],"author":[{"embeddable":true,"href":"https:\/\/www.oparanews.com.br\/index.php\/wp-json\/wp\/v2\/users\/2"}],"replies":[{"embeddable":true,"href":"https:\/\/www.oparanews.com.br\/index.php\/wp-json\/wp\/v2\/comments?post=26063"}],"version-history":[{"count":1,"href":"https:\/\/www.oparanews.com.br\/index.php\/wp-json\/wp\/v2\/posts\/26063\/revisions"}],"predecessor-version":[{"id":26066,"href":"https:\/\/www.oparanews.com.br\/index.php\/wp-json\/wp\/v2\/posts\/26063\/revisions\/26066"}],"wp:featuredmedia":[{"embeddable":true,"href":"https:\/\/www.oparanews.com.br\/index.php\/wp-json\/wp\/v2\/media\/26064"}],"wp:attachment":[{"href":"https:\/\/www.oparanews.com.br\/index.php\/wp-json\/wp\/v2\/media?parent=26063"}],"wp:term":[{"taxonomy":"category","embeddable":true,"href":"https:\/\/www.oparanews.com.br\/index.php\/wp-json\/wp\/v2\/categories?post=26063"},{"taxonomy":"post_tag","embeddable":true,"href":"https:\/\/www.oparanews.com.br\/index.php\/wp-json\/wp\/v2\/tags?post=26063"}],"curies":[{"name":"wp","href":"https:\/\/api.w.org\/{rel}","templated":true}]}}