{"id":26067,"date":"2022-12-05T21:25:32","date_gmt":"2022-12-06T00:25:32","guid":{"rendered":"https:\/\/www.oparanews.com.br\/?p=26067"},"modified":"2022-12-05T21:25:32","modified_gmt":"2022-12-06T00:25:32","slug":"trakto-show-confirma-potencial-de-penedo-para-turismo-de-negocios-e-eventos","status":"publish","type":"post","link":"https:\/\/www.oparanews.com.br\/index.php\/2022\/12\/05\/trakto-show-confirma-potencial-de-penedo-para-turismo-de-negocios-e-eventos\/","title":{"rendered":"Trakto Show confirma potencial de Penedo para turismo de neg\u00f3cios e eventos"},"content":{"rendered":"<p>A realiza\u00e7\u00e3o do Trakto Show Penedo \u00e9 um marco hist\u00f3rico para a cidade conhecida por sua riqueza hist\u00f3rica e rela\u00e7\u00e3o com o Rio S\u00e3o Francisco. O sucesso do evento realizado neste \u00faltimo final de semana tamb\u00e9m consolida posi\u00e7\u00e3o no chamado turismo de neg\u00f3cios.<\/p>\n<p>&nbsp;<\/p>\n<p>A recupera\u00e7\u00e3o e moderniza\u00e7\u00e3o de espa\u00e7os como o Theatro Sete de de Setembro e o antigo Cine S\u00e3o Francisco, agora Centro de Conven\u00e7\u00f5es e Eventos Zeca Peixoto, habilitam a cidade para sediar eventos de grande porte.<\/p>\n<p>&nbsp;<\/p>\n<p>\u201cN\u00f3s transformamos nosso Centro Hist\u00f3rico em um centro de conven\u00e7\u00f5es ao ar livre, utilizando locais reservados para as apresenta\u00e7\u00f5es e a Avenida Floriano Peixoto com stands de lazer, tecnologia e neg\u00f3cios, com empresas penedenses expondo seus produtos, conversando diretamente com os visitantes\u201d, explica o Prefeito Ronaldo Lopes.<\/p>\n<p>&nbsp;<\/p>\n<p>A condi\u00e7\u00e3o de \u2018cidade l\u00edder\u2019 foi destacada por Guilherme Lopes no palco do centro de conven\u00e7\u00f5es, onde parabenizou a escolha de Penedo para sediar o primeiro Trakto Show fora de Macei\u00f3.<\/p>\n<p>&nbsp;<\/p>\n<p>Ele destacou o pioneirismo de Zeca Peixoto em construir o hotel inaugurado em 1957 como o maior pr\u00e9dio de Alagoas e de seu av\u00f4 H\u00e9lio Lopes, ent\u00e3o prefeito de Penedo, que trouxe energia el\u00e9trica, telefonia e a primeira emissora de r\u00e1dio do interior de Alagoas.<\/p>\n<p>&nbsp;<\/p>\n<p>O Trakto Show Penedo tamb\u00e9m envolve o Governo de Alagoas proporcionou muito networking e oportunidade de aprendizado, a exemplo dos cursos de inform\u00e1tica b\u00e1sica e de programa\u00e7\u00e3o ofertados no Laborat\u00f3rio OxeTech, que funciona na biblioteca da Sociedade de Cultura e Arte Popular de Penedo, ao lado da ag\u00eancia dos Correios.<\/p>\n<p>&nbsp;<\/p>\n<p>Nas arenas do Trakto Show Penedo, empreendedores de renome falaram sobre sua jornada, entre eles o empres\u00e1rio penedense Alexandre Malta, da ind\u00fastria de biscoitos D\u2019L\u00edcia.<\/p>\n<p>&nbsp;<\/p>\n<p>O Trakto Show tamb\u00e9m abriu espa\u00e7o, mais uma vez, para outro penedense. James Dantas \u00e9 fot\u00f3grafo e criador de conte\u00fado que utiliza a plataforma gratuita de design em seu trabalho, ferramenta de f\u00e1cil utiliza\u00e7\u00e3o, como explicou ao p\u00fablico nos dois dias do evento.<\/p>\n<p>&nbsp;<\/p>\n<p>O psic\u00f3logo e servidor p\u00fablico municipal Vin\u00edcius Bispo fechou a programa\u00e7\u00e3o da Arena Vamo que Vamo, mostrando como devemos lidar com a intelig\u00eancia emocional e superar barreiras \u2013 entre elas a ansiedade \u2013 para desenvolver uma comunica\u00e7\u00e3o mais assertiva.<\/p>\n<p>&nbsp;<\/p>\n<p>Abrir oportunidades para o talento local no mesmo palco onde estar\u00e3o nomes j\u00e1 consagrados em suas respectivas \u00e1reas de atua\u00e7\u00e3o, \u00e9 parte da receita do Trakto Show.<\/p>\n<p>&nbsp;<\/p>\n<p>E em paralelo ao maior evento de inova\u00e7\u00e3o, tecnologia e empreendedorismo, a Prefeitura de Penedo iniciou o Penedo Luz, com shows musicais na Pra\u00e7a 12 de Abril lotada desde a noite de sexta-feira, 02.<\/p>\n<p>&nbsp;<\/p>\n<p>\u201cTudo isso faz com que circule mais dinheiro em nossa cidade, todos os setores ganham com isso, desde a rede hoteleira ao ambulante. N\u00f3s temos certeza que Penedo est\u00e1 no caminho e estamos trabalhando para fazer muito mais do que o que j\u00e1 fizemos at\u00e9 agora\u201d, conclui Ronaldo Lopes.<\/p>\n<p>&nbsp;<\/p>\n<p>&nbsp;<\/p>\n<p>&nbsp;<\/p>\n<p>&nbsp;<\/p>\n<p><strong>Fonte: Secom PMP<\/strong><\/p>\n<p>&nbsp;<\/p>\n","protected":false},"excerpt":{"rendered":"<p>A realiza\u00e7\u00e3o do Trakto Show Penedo \u00e9 um marco hist\u00f3rico para a cidade conhecida por sua riqueza hist\u00f3rica e rela\u00e7\u00e3o com o Rio S\u00e3o Francisco. O sucesso do evento realizado neste \u00faltimo final de semana tamb\u00e9m consolida posi\u00e7\u00e3o no chamado turismo de neg\u00f3cios. &nbsp; A recupera\u00e7\u00e3o e moderniza\u00e7\u00e3o de espa\u00e7os como o Theatro Sete de &hellip;<\/p>\n","protected":false},"author":2,"featured_media":26068,"comment_status":"open","ping_status":"open","sticky":false,"template":"","format":"standard","meta":{"_jetpack_memberships_contains_paid_content":false,"footnotes":""},"categories":[1,3],"tags":[],"class_list":["post-26067","post","type-post","status-publish","format-standard","has-post-thumbnail","hentry","category-destaque","category-penedo"],"jetpack_featured_media_url":"https:\/\/www.oparanews.com.br\/wp-content\/uploads\/2022\/12\/trakto-show-penedo-foto-deywisson-duarte-20.jpeg","jetpack_sharing_enabled":true,"_links":{"self":[{"href":"https:\/\/www.oparanews.com.br\/index.php\/wp-json\/wp\/v2\/posts\/26067","targetHints":{"allow":["GET"]}}],"collection":[{"href":"https:\/\/www.oparanews.com.br\/index.php\/wp-json\/wp\/v2\/posts"}],"about":[{"href":"https:\/\/www.oparanews.com.br\/index.php\/wp-json\/wp\/v2\/types\/post"}],"author":[{"embeddable":true,"href":"https:\/\/www.oparanews.com.br\/index.php\/wp-json\/wp\/v2\/users\/2"}],"replies":[{"embeddable":true,"href":"https:\/\/www.oparanews.com.br\/index.php\/wp-json\/wp\/v2\/comments?post=26067"}],"version-history":[{"count":1,"href":"https:\/\/www.oparanews.com.br\/index.php\/wp-json\/wp\/v2\/posts\/26067\/revisions"}],"predecessor-version":[{"id":26069,"href":"https:\/\/www.oparanews.com.br\/index.php\/wp-json\/wp\/v2\/posts\/26067\/revisions\/26069"}],"wp:featuredmedia":[{"embeddable":true,"href":"https:\/\/www.oparanews.com.br\/index.php\/wp-json\/wp\/v2\/media\/26068"}],"wp:attachment":[{"href":"https:\/\/www.oparanews.com.br\/index.php\/wp-json\/wp\/v2\/media?parent=26067"}],"wp:term":[{"taxonomy":"category","embeddable":true,"href":"https:\/\/www.oparanews.com.br\/index.php\/wp-json\/wp\/v2\/categories?post=26067"},{"taxonomy":"post_tag","embeddable":true,"href":"https:\/\/www.oparanews.com.br\/index.php\/wp-json\/wp\/v2\/tags?post=26067"}],"curies":[{"name":"wp","href":"https:\/\/api.w.org\/{rel}","templated":true}]}}