{"id":26070,"date":"2022-12-05T21:34:27","date_gmt":"2022-12-06T00:34:27","guid":{"rendered":"https:\/\/www.oparanews.com.br\/?p=26070"},"modified":"2022-12-05T21:34:27","modified_gmt":"2022-12-06T00:34:27","slug":"prefeitura-de-penedo-comeca-a-vacinar-bebes-contra-a-covid-19","status":"publish","type":"post","link":"https:\/\/www.oparanews.com.br\/index.php\/2022\/12\/05\/prefeitura-de-penedo-comeca-a-vacinar-bebes-contra-a-covid-19\/","title":{"rendered":"Prefeitura de Penedo come\u00e7a a vacinar beb\u00eas contra a Covid-19"},"content":{"rendered":"<p>A partir desta segunda-feira (05), a Prefeitura de Penedo avan\u00e7a ainda mais no combate contra a Covid-19, vacinando crian\u00e7as de 6 meses a 2 anos de idade, portadoras de comorbidades.<\/p>\n<p>&nbsp;<\/p>\n<p>A campanha desenvolvida pela Secretaria Municipal de Sa\u00fade (SEMS) est\u00e1 sendo realizada na rede de Aten\u00e7\u00e3o B\u00e1sica (confira cronograma abaixo do texto).<\/p>\n<p><a href=\"http:\/\/www.oparanews.com.br\/wp-content\/uploads\/2022\/12\/card-vacina-pfizer-baby-penedo-1.jpg\"><img loading=\"lazy\" decoding=\"async\" class=\"aligncenter size-full wp-image-26072\" src=\"http:\/\/www.oparanews.com.br\/wp-content\/uploads\/2022\/12\/card-vacina-pfizer-baby-penedo-1.jpg\" alt=\"\" width=\"1440\" height=\"1800\" srcset=\"https:\/\/www.oparanews.com.br\/wp-content\/uploads\/2022\/12\/card-vacina-pfizer-baby-penedo-1.jpg 1440w, https:\/\/www.oparanews.com.br\/wp-content\/uploads\/2022\/12\/card-vacina-pfizer-baby-penedo-1-240x300.jpg 240w, https:\/\/www.oparanews.com.br\/wp-content\/uploads\/2022\/12\/card-vacina-pfizer-baby-penedo-1-819x1024.jpg 819w, https:\/\/www.oparanews.com.br\/wp-content\/uploads\/2022\/12\/card-vacina-pfizer-baby-penedo-1-768x960.jpg 768w, https:\/\/www.oparanews.com.br\/wp-content\/uploads\/2022\/12\/card-vacina-pfizer-baby-penedo-1-1229x1536.jpg 1229w\" sizes=\"auto, (max-width: 1440px) 100vw, 1440px\" \/><\/a><\/p>\n<p>Os pais ou respons\u00e1veis devem apresentar os respectivos documento de identifica\u00e7\u00e3o, com foto, al\u00e9m da caderneta de vacina\u00e7\u00e3o da crian\u00e7a, RG ou certid\u00e3o de nascimento, CPF ou cart\u00e3o SUS e comprovante de comorbidade (laudo, prescri\u00e7\u00e3o m\u00e9dica ou relat\u00f3rio m\u00e9dico).<\/p>\n<p>&nbsp;<\/p>\n<p>O imunizante a ser utilizado nos beb\u00eas e crian\u00e7as at\u00e9 2 anos de idade ser\u00e1 do laborat\u00f3rio Pfizer, conhecido no Brasil como Pfizer Baby.<\/p>\n<p>&nbsp;<\/p>\n<p>A vacina, aprovada pela Ag\u00eancia Nacional de Vigil\u00e2ncia Sanit\u00e1ria (ANVISA), tem um esquema vacinal de tr\u00eas doses, sendo o primeiro com 28 dias de intervalo entre a primeira e a segunda dose, e um intervalo de 56 dias entre a segunda e a terceira dose.<\/p>\n<p>&nbsp;<\/p>\n<p>Como forma de facilitar a identifica\u00e7\u00e3o do imunizante, o frasco para essa faixa et\u00e1ria tem colora\u00e7\u00e3o diferente, com a tampa e o r\u00f3tulo na cor vinho.<\/p>\n<p>&nbsp;<\/p>\n<p>A Secretaria de Sa\u00fade de Penedo refor\u00e7a o compromisso com a preven\u00e7\u00e3o atrav\u00e9s de vacina\u00e7\u00e3o e acesso ao cuidado em sa\u00fade no munic\u00edpio, colocando nossas crian\u00e7as em primeiro lugar.<\/p>\n<p>&nbsp;<\/p>\n<p>Balan\u00e7o atualizado da campanha de vacina\u00e7\u00e3o contra Covid em Penedo<\/p>\n<p>&nbsp;<\/p>\n<p>De acordo com dados atualizados da Coordena\u00e7\u00e3o de Vacina\u00e7\u00e3o da SEMS, coletados at\u00e9 a primeira semana de dezembro deste ano, no total foram aplicadas 1\u00aa dose da vacina em 48.766 pessoas em Penedo, o que corresponde a 82,69% do p\u00fablico alvo.<\/p>\n<p>&nbsp;<\/p>\n<p>J\u00e1 na 2\u00aa dose foram vacinadas 42.181 pessoas, n\u00famero equivalente a 71,49%da popula\u00e7\u00e3o vacin\u00e1vel antes da inclus\u00e3o da Pfizer Baby.<\/p>\n<p>&nbsp;<\/p>\n<p>Quando analisado dados sobre crian\u00e7as de 3 a 5 anos de idade, Penedo j\u00e1 vacinou 4.531 com a primeira dose e 2.729 com a segunda dose.<\/p>\n<p>&nbsp;<\/p>\n<p>Confira abaixo a lista de comorbidades para o primeiro p\u00fablico da Pfizer Baby<\/p>\n<p>&nbsp;<\/p>\n<p><strong><em>Diabetes<\/em><\/strong><br \/>\n<strong><em>Pneumopatias cr\u00f4nicas graves<\/em><\/strong><br \/>\n<strong><em>Hipertens\u00e3o arterial<\/em><\/strong><br \/>\n<strong><em>Insufici\u00eancia Card\u00edaca<\/em><\/strong><br \/>\n<strong><em>Cardiopatias cr\u00f4nicas<\/em><\/strong><br \/>\n<strong><em>Doen\u00e7a neurol\u00f3gica cr\u00f4nica<\/em><\/strong><br \/>\n<strong><em>Doen\u00e7a renal cr\u00f4nica<\/em><\/strong><br \/>\n<strong><em>Imunocomprometidos<\/em><\/strong><br \/>\n<strong><em>Obesidade m\u00f3rbida<\/em><\/strong><br \/>\n<strong><em>S\u00edndrome de Down<\/em><\/strong><br \/>\n<strong><em>Cirrose hep\u00e1tica<\/em><\/strong><\/p>\n<p>&nbsp;<\/p>\n<p>&nbsp;<\/p>\n<p>&nbsp;<\/p>\n<p>&nbsp;<\/p>\n<p><strong>Fonte: Assessoria SEMS Penedo<\/strong><\/p>\n<p>&nbsp;<\/p>\n","protected":false},"excerpt":{"rendered":"<p>A partir desta segunda-feira (05), a Prefeitura de Penedo avan\u00e7a ainda mais no combate contra a Covid-19, vacinando crian\u00e7as de 6 meses a 2 anos de idade, portadoras de comorbidades. &nbsp; A campanha desenvolvida pela Secretaria Municipal de Sa\u00fade (SEMS) est\u00e1 sendo realizada na rede de Aten\u00e7\u00e3o B\u00e1sica (confira cronograma abaixo do texto). Os pais &hellip;<\/p>\n","protected":false},"author":2,"featured_media":26071,"comment_status":"open","ping_status":"open","sticky":false,"template":"","format":"standard","meta":{"_jetpack_memberships_contains_paid_content":false,"footnotes":""},"categories":[1,3],"tags":[],"class_list":["post-26070","post","type-post","status-publish","format-standard","has-post-thumbnail","hentry","category-destaque","category-penedo"],"jetpack_featured_media_url":"https:\/\/www.oparanews.com.br\/wp-content\/uploads\/2022\/12\/card-vacina-pfizer-baby-penedo.jpg","jetpack_sharing_enabled":true,"_links":{"self":[{"href":"https:\/\/www.oparanews.com.br\/index.php\/wp-json\/wp\/v2\/posts\/26070","targetHints":{"allow":["GET"]}}],"collection":[{"href":"https:\/\/www.oparanews.com.br\/index.php\/wp-json\/wp\/v2\/posts"}],"about":[{"href":"https:\/\/www.oparanews.com.br\/index.php\/wp-json\/wp\/v2\/types\/post"}],"author":[{"embeddable":true,"href":"https:\/\/www.oparanews.com.br\/index.php\/wp-json\/wp\/v2\/users\/2"}],"replies":[{"embeddable":true,"href":"https:\/\/www.oparanews.com.br\/index.php\/wp-json\/wp\/v2\/comments?post=26070"}],"version-history":[{"count":1,"href":"https:\/\/www.oparanews.com.br\/index.php\/wp-json\/wp\/v2\/posts\/26070\/revisions"}],"predecessor-version":[{"id":26073,"href":"https:\/\/www.oparanews.com.br\/index.php\/wp-json\/wp\/v2\/posts\/26070\/revisions\/26073"}],"wp:featuredmedia":[{"embeddable":true,"href":"https:\/\/www.oparanews.com.br\/index.php\/wp-json\/wp\/v2\/media\/26071"}],"wp:attachment":[{"href":"https:\/\/www.oparanews.com.br\/index.php\/wp-json\/wp\/v2\/media?parent=26070"}],"wp:term":[{"taxonomy":"category","embeddable":true,"href":"https:\/\/www.oparanews.com.br\/index.php\/wp-json\/wp\/v2\/categories?post=26070"},{"taxonomy":"post_tag","embeddable":true,"href":"https:\/\/www.oparanews.com.br\/index.php\/wp-json\/wp\/v2\/tags?post=26070"}],"curies":[{"name":"wp","href":"https:\/\/api.w.org\/{rel}","templated":true}]}}