{"id":26080,"date":"2022-12-06T15:37:26","date_gmt":"2022-12-06T18:37:26","guid":{"rendered":"https:\/\/www.oparanews.com.br\/?p=26080"},"modified":"2022-12-06T15:37:26","modified_gmt":"2022-12-06T18:37:26","slug":"prefeitura-de-penedo-ja-atingiu-todas-as-metas-para-2023-do-selo-unicef","status":"publish","type":"post","link":"https:\/\/www.oparanews.com.br\/index.php\/2022\/12\/06\/prefeitura-de-penedo-ja-atingiu-todas-as-metas-para-2023-do-selo-unicef\/","title":{"rendered":"Prefeitura de Penedo j\u00e1 atingiu todas as metas para 2023 do Selo Unicef"},"content":{"rendered":"<p>A assistente social Darlene Nonato, articuladora do Selo Unicef em Penedo, e a psic\u00f3loga Val\u00e9ria Brand\u00e3o, representando o Selo Unicef, apresentaram nesta ter\u00e7a, 06, o Plano Municipal da Primeira Inf\u00e2ncia (PMI) ao Conselho Municipal dos Direitos da Crian\u00e7a e do Adolescente (CMDCA).<\/p>\n<p>&nbsp;<\/p>\n<p>\u201cTodas as metas que Penedo precisava cumprir para 2023 j\u00e1 conseguimos atingir no in\u00edcio de dezembro deste ano e vamos seguir avan\u00e7ando. O Selo Unicef significa que o adolescente est\u00e1 sendo bem cuidado em Penedo\u201d, ressalta Darlene Nonato.<\/p>\n<p>&nbsp;<\/p>\n<p>Al\u00e9m da apresenta\u00e7\u00e3o do plano de a\u00e7\u00f5es, o f\u00f3rum reuniu representantes da Prefeitura de Penedo, Secretarias Municipais de Educa\u00e7\u00e3o e Sa\u00fade, Conselho Tutelar da Crian\u00e7a e do Adolescente, Conselho Municipal da Crian\u00e7a e do Adolescente e Conselho Municipal de Assist\u00eancia Social.<\/p>\n<p>&nbsp;<\/p>\n<p>O encontro teve como objetivo promover aten\u00e7\u00e3o e cuidado de qualidade para com a Primeira Inf\u00e2ncia, atrav\u00e9s da excel\u00eancia de suas a\u00e7\u00f5es na \u00e1rea de Sa\u00fade, Educa\u00e7\u00e3o e Assist\u00eancia Social.<\/p>\n<p>&nbsp;<\/p>\n<p>\u201dCompromisso com a excel\u00eancia, compet\u00eancia e responsabilidade para com os direitos das crian\u00e7as do munic\u00edpio e a promo\u00e7\u00e3o das condi\u00e7\u00f5es necess\u00e1rias para a qualidade da primeira inf\u00e2ncia, que vai de 0 a 6 anos de idade\u201d, explica a psic\u00f3loga Val\u00e9ria Brand\u00e3o.<\/p>\n<p>&nbsp;<\/p>\n<p>Al\u00e9m disso, diagnosticar, monitorar e avaliar o impacto das pol\u00edticas p\u00fablicas voltadas \u00e0s crian\u00e7as para melhorar as condi\u00e7\u00f5es de vida e desenvolvimento deste p\u00fablico foi umas das pautas da reuni\u00e3o.<\/p>\n<p>&nbsp;<\/p>\n<p>A Prefeitura de Penedo tamb\u00e9m executa o Plano Municipal da Crian\u00e7a e Adolescente, com destaque para acesso de fam\u00edlias em situa\u00e7\u00e3o de vulnerabilidade social aos programas sociais e campanhas de vacina\u00e7\u00e3o.<\/p>\n<p>&nbsp;<\/p>\n<p>&nbsp;<\/p>\n<p>&nbsp;<\/p>\n<p><strong>Fonte: Secom PMP<\/strong><\/p>\n<p>&nbsp;<\/p>\n","protected":false},"excerpt":{"rendered":"<p>A assistente social Darlene Nonato, articuladora do Selo Unicef em Penedo, e a psic\u00f3loga Val\u00e9ria Brand\u00e3o, representando o Selo Unicef, apresentaram nesta ter\u00e7a, 06, o Plano Municipal da Primeira Inf\u00e2ncia (PMI) ao Conselho Municipal dos Direitos da Crian\u00e7a e do Adolescente (CMDCA). &nbsp; \u201cTodas as metas que Penedo precisava cumprir para 2023 j\u00e1 conseguimos atingir &hellip;<\/p>\n","protected":false},"author":2,"featured_media":26081,"comment_status":"open","ping_status":"open","sticky":false,"template":"","format":"standard","meta":{"_jetpack_memberships_contains_paid_content":false,"footnotes":""},"categories":[1,3],"tags":[],"class_list":["post-26080","post","type-post","status-publish","format-standard","has-post-thumbnail","hentry","category-destaque","category-penedo"],"jetpack_featured_media_url":"https:\/\/www.oparanews.com.br\/wp-content\/uploads\/2022\/12\/WhatsApp-Image-2022-12-06-at-12.13.03.jpeg","jetpack_sharing_enabled":true,"_links":{"self":[{"href":"https:\/\/www.oparanews.com.br\/index.php\/wp-json\/wp\/v2\/posts\/26080","targetHints":{"allow":["GET"]}}],"collection":[{"href":"https:\/\/www.oparanews.com.br\/index.php\/wp-json\/wp\/v2\/posts"}],"about":[{"href":"https:\/\/www.oparanews.com.br\/index.php\/wp-json\/wp\/v2\/types\/post"}],"author":[{"embeddable":true,"href":"https:\/\/www.oparanews.com.br\/index.php\/wp-json\/wp\/v2\/users\/2"}],"replies":[{"embeddable":true,"href":"https:\/\/www.oparanews.com.br\/index.php\/wp-json\/wp\/v2\/comments?post=26080"}],"version-history":[{"count":1,"href":"https:\/\/www.oparanews.com.br\/index.php\/wp-json\/wp\/v2\/posts\/26080\/revisions"}],"predecessor-version":[{"id":26082,"href":"https:\/\/www.oparanews.com.br\/index.php\/wp-json\/wp\/v2\/posts\/26080\/revisions\/26082"}],"wp:featuredmedia":[{"embeddable":true,"href":"https:\/\/www.oparanews.com.br\/index.php\/wp-json\/wp\/v2\/media\/26081"}],"wp:attachment":[{"href":"https:\/\/www.oparanews.com.br\/index.php\/wp-json\/wp\/v2\/media?parent=26080"}],"wp:term":[{"taxonomy":"category","embeddable":true,"href":"https:\/\/www.oparanews.com.br\/index.php\/wp-json\/wp\/v2\/categories?post=26080"},{"taxonomy":"post_tag","embeddable":true,"href":"https:\/\/www.oparanews.com.br\/index.php\/wp-json\/wp\/v2\/tags?post=26080"}],"curies":[{"name":"wp","href":"https:\/\/api.w.org\/{rel}","templated":true}]}}