{"id":26083,"date":"2022-12-06T15:39:34","date_gmt":"2022-12-06T18:39:34","guid":{"rendered":"https:\/\/www.oparanews.com.br\/?p=26083"},"modified":"2022-12-06T15:39:34","modified_gmt":"2022-12-06T18:39:34","slug":"secretaria-de-cultura-de-penedo-apresenta-plano-de-trabalho-da-festa-de-bom-jesus-dos-navegantes","status":"publish","type":"post","link":"https:\/\/www.oparanews.com.br\/index.php\/2022\/12\/06\/secretaria-de-cultura-de-penedo-apresenta-plano-de-trabalho-da-festa-de-bom-jesus-dos-navegantes\/","title":{"rendered":"Secretaria de Cultura de Penedo apresenta plano de trabalho da Festa de Bom Jesus dos Navegantes"},"content":{"rendered":"<p>Todos os aspectos relacionados ao maior evento de Penedo, a Festa de Bom Jesus dos Navegantes, foram apresentados aos setores diretamente envolvidos nesta ter\u00e7a-feira, 06 de dezembro.<\/p>\n<p>&nbsp;<\/p>\n<p>A exposi\u00e7\u00e3o feita por Aliny Costa, Secret\u00e1ria Municipal de Cultura, Lazer e Juventude, reuniu representantes de setores da Prefeitura de Penedo, Diocese de Penedo, Pol\u00edcia Militar, Bombeiros, Marinha e empresa Talu\u00e3 Produ\u00e7\u00f5es, respons\u00e1vel por toda a estrutura dos shows musicais e comercializa\u00e7\u00e3o de bebidas e alimentos na arena de shows.<\/p>\n<p>&nbsp;<\/p>\n<p>\u201cO objetivo dessa reuni\u00e3o \u00e9 apresentarmos o plano de trabalho que elaboramos e tamb\u00e9m uma oportunidade para tirarmos d\u00favidas. Tudo isso \u00e9 fundamental para que a Festa de Bom Jesus aconte\u00e7a com a excel\u00eancia que caracteriza sua realiza\u00e7\u00e3o em Penedo\u201d, ressalta Aliny Costa.<\/p>\n<p>&nbsp;<\/p>\n<p>A gestora da SEMCLEJ frisou que a programa\u00e7\u00e3o religiosa come\u00e7a no dia 1\u00ba de janeiro, encerrando com a prociss\u00e3o fluvial no dia 08, marco da celebra\u00e7\u00e3o que completa 139 anos em 2023.<\/p>\n<p>&nbsp;<\/p>\n<p>Uma altera\u00e7\u00e3o em rela\u00e7\u00e3o aos festejos que atraem milhares de pessoas para Penedo \u00e9 a realiza\u00e7\u00e3o do show da atra\u00e7\u00e3o religiosa.<\/p>\n<p>&nbsp;<\/p>\n<p>Ao inv\u00e9s de acontecer no domingo, depois da prociss\u00e3o, a apresenta\u00e7\u00e3o acontecer\u00e1 no s\u00e1bado, a partir das 20h30, no Palco da F\u00e9, ao lado da capela da Santa Cruz.<\/p>\n<p>&nbsp;<\/p>\n<p>Os representantes das for\u00e7as de seguran\u00e7a fizeram suas observa\u00e7\u00f5es e passaram orienta\u00e7\u00f5es sobre procedimentos que precisam ser adotadas preventivamente, principalmente na arena dos shows que ter\u00e1 monitoramento com c\u00e2meras e seguran\u00e7a privadas, al\u00e9m de efetivo da Pol\u00edcia Militar.<\/p>\n<p>&nbsp;<\/p>\n<p><a href=\"https:\/\/penedo.al.gov.br\/2022\/11\/29\/confira-aqui-a-programacao-artistica-do-bom-jesus-2023-de-penedo\/\"><strong>Confira aqui a programa\u00e7\u00e3o completa da Festa do Bom Jesus de Penedo 2023<\/strong><\/a><\/p>\n<p>&nbsp;<\/p>\n<p>&nbsp;<\/p>\n<p>&nbsp;<\/p>\n<p>&nbsp;<\/p>\n<p><strong>Fonte: Secom PMP<\/strong><\/p>\n<p>&nbsp;<\/p>\n","protected":false},"excerpt":{"rendered":"<p>Todos os aspectos relacionados ao maior evento de Penedo, a Festa de Bom Jesus dos Navegantes, foram apresentados aos setores diretamente envolvidos nesta ter\u00e7a-feira, 06 de dezembro. &nbsp; A exposi\u00e7\u00e3o feita por Aliny Costa, Secret\u00e1ria Municipal de Cultura, Lazer e Juventude, reuniu representantes de setores da Prefeitura de Penedo, Diocese de Penedo, Pol\u00edcia Militar, Bombeiros, &hellip;<\/p>\n","protected":false},"author":2,"featured_media":26084,"comment_status":"open","ping_status":"open","sticky":false,"template":"","format":"standard","meta":{"_jetpack_memberships_contains_paid_content":false,"footnotes":""},"categories":[1,3],"tags":[],"class_list":["post-26083","post","type-post","status-publish","format-standard","has-post-thumbnail","hentry","category-destaque","category-penedo"],"jetpack_featured_media_url":"https:\/\/www.oparanews.com.br\/wp-content\/uploads\/2022\/12\/penedo-reuniao-bom-jesus-plano-semclej.jpeg","jetpack_sharing_enabled":true,"_links":{"self":[{"href":"https:\/\/www.oparanews.com.br\/index.php\/wp-json\/wp\/v2\/posts\/26083","targetHints":{"allow":["GET"]}}],"collection":[{"href":"https:\/\/www.oparanews.com.br\/index.php\/wp-json\/wp\/v2\/posts"}],"about":[{"href":"https:\/\/www.oparanews.com.br\/index.php\/wp-json\/wp\/v2\/types\/post"}],"author":[{"embeddable":true,"href":"https:\/\/www.oparanews.com.br\/index.php\/wp-json\/wp\/v2\/users\/2"}],"replies":[{"embeddable":true,"href":"https:\/\/www.oparanews.com.br\/index.php\/wp-json\/wp\/v2\/comments?post=26083"}],"version-history":[{"count":1,"href":"https:\/\/www.oparanews.com.br\/index.php\/wp-json\/wp\/v2\/posts\/26083\/revisions"}],"predecessor-version":[{"id":26085,"href":"https:\/\/www.oparanews.com.br\/index.php\/wp-json\/wp\/v2\/posts\/26083\/revisions\/26085"}],"wp:featuredmedia":[{"embeddable":true,"href":"https:\/\/www.oparanews.com.br\/index.php\/wp-json\/wp\/v2\/media\/26084"}],"wp:attachment":[{"href":"https:\/\/www.oparanews.com.br\/index.php\/wp-json\/wp\/v2\/media?parent=26083"}],"wp:term":[{"taxonomy":"category","embeddable":true,"href":"https:\/\/www.oparanews.com.br\/index.php\/wp-json\/wp\/v2\/categories?post=26083"},{"taxonomy":"post_tag","embeddable":true,"href":"https:\/\/www.oparanews.com.br\/index.php\/wp-json\/wp\/v2\/tags?post=26083"}],"curies":[{"name":"wp","href":"https:\/\/api.w.org\/{rel}","templated":true}]}}