{"id":26091,"date":"2022-12-07T14:55:56","date_gmt":"2022-12-07T17:55:56","guid":{"rendered":"https:\/\/www.oparanews.com.br\/?p=26091"},"modified":"2022-12-07T14:55:56","modified_gmt":"2022-12-07T17:55:56","slug":"penedo-luz-apresenta-festival-de-coros-no-largo-de-sao-goncalo","status":"publish","type":"post","link":"https:\/\/www.oparanews.com.br\/index.php\/2022\/12\/07\/penedo-luz-apresenta-festival-de-coros-no-largo-de-sao-goncalo\/","title":{"rendered":"Penedo Luz apresenta Festival de Coros no Largo de S\u00e3o Gon\u00e7alo"},"content":{"rendered":"<p>O Penedo Luz 2023 apresenta ao p\u00fablico a 20\u00aa edi\u00e7\u00e3o do Festival de Coros, evento que traz grupos de canto coral para o Largo de S\u00e3o Gon\u00e7alo, Centro Hist\u00f3rico da cidade.<\/p>\n<p>&nbsp;<\/p>\n<p>O programa cultural de alto n\u00edvel come\u00e7a \u00e0s 19 horas de sexta-feira, 09, com o show do Quarteto Ventos de Penedo, saxofonistas da Sociedade Montepio dos Artistas. Em seguida, oito coros iniciam a programa\u00e7\u00e3o do 20\u00ba Festival de Coros, entre eles o Imperial Coro do Penedo.<\/p>\n<p>&nbsp;<\/p>\n<p>No s\u00e1bado, 10, mais oito grupos de canto coral sobem ao palco instalado pela Secretaria Municipal de Cultura, Lazer e Juventude, com encerramento de Jaques Setton e banda (Macei\u00f3-AL).<\/p>\n<p>&nbsp;<\/p>\n<p>O Festival de Coros de Penedo reserva ainda uma apresenta\u00e7\u00e3o no convento franciscano, onde o Coral da Academia Sergipano de Letras se apresenta na manh\u00e3 de domingo, durante a missa que come\u00e7a \u00e0s 6 horas.<\/p>\n<p><a href=\"http:\/\/www.oparanews.com.br\/wp-content\/uploads\/2022\/12\/canto-coral-convento-penedo-696x464-1.jpg\"><img loading=\"lazy\" decoding=\"async\" class=\"aligncenter size-full wp-image-26096\" src=\"http:\/\/www.oparanews.com.br\/wp-content\/uploads\/2022\/12\/canto-coral-convento-penedo-696x464-1.jpg\" alt=\"\" width=\"696\" height=\"464\" srcset=\"https:\/\/www.oparanews.com.br\/wp-content\/uploads\/2022\/12\/canto-coral-convento-penedo-696x464-1.jpg 696w, https:\/\/www.oparanews.com.br\/wp-content\/uploads\/2022\/12\/canto-coral-convento-penedo-696x464-1-300x200.jpg 300w\" sizes=\"auto, (max-width: 696px) 100vw, 696px\" \/><\/a><\/p>\n<p><strong>Confira abaixo a programa\u00e7\u00e3o completa do 20\u00ba Festival de Coros de Penedo<\/strong><\/p>\n<p>&nbsp;<\/p>\n<p><em><strong>ASSOCIA\u00c7\u00c3O CORAL NOSSA M\u00daSICA \u2013 Recife<\/strong><\/em><\/p>\n<p>Reg\u00eancia: Maestrina Miriam Cecilia Machado Gomes<\/p>\n<p><em><strong>CORAL ACADEMIA SERGIPANA DE LETRAS \u2013 Aracaju<\/strong><\/em><\/p>\n<p>Reg\u00eancia: Maestro Edson Silva Nascimento<\/p>\n<p><em><strong>CORAL CARLOS GOMES \u2013 Macei\u00f3<\/strong><\/em><\/p>\n<p>Reg\u00eancia: Maestro Luciano Peixoto<\/p>\n<p><em><strong>IMPERIAL CORO DO PENEDO<\/strong><\/em><\/p>\n<p>Reg\u00eancia: Patr\u00edcia de Oliveira Albuquerque<\/p>\n<p><em><strong>CORAL SINDCANTO \u2013 Macei\u00f3<\/strong><\/em><\/p>\n<p>Reg\u00eancia Maestro Luiz Martins<\/p>\n<p><em><strong>CORAL SINTEAL ENCANTO \u2013 MACEI\u00d2<\/strong><\/em><\/p>\n<p>Reg\u00eancia: Gustavo Campos Lima<\/p>\n<p><em><strong>CORO JOVEM DO IFAL MACEI\u00d3<\/strong><\/em><\/p>\n<p>Reg\u00eancia: Maestro Andr\u00e9 Souza<\/p>\n<p><em><strong>CORAL VOZES DE PERNAMBUCO \u2013 Recife<\/strong><\/em><\/p>\n<p>Reg\u00eancia: Maestrina Miriam Cecilia Machado Gomes<\/p>\n<p><a href=\"http:\/\/www.oparanews.com.br\/wp-content\/uploads\/2022\/12\/canto-coral-convento-penedo-696x464-1.jpg\"><img loading=\"lazy\" decoding=\"async\" class=\"aligncenter size-full wp-image-26096\" src=\"http:\/\/www.oparanews.com.br\/wp-content\/uploads\/2022\/12\/canto-coral-convento-penedo-696x464-1.jpg\" alt=\"\" width=\"696\" height=\"464\" srcset=\"https:\/\/www.oparanews.com.br\/wp-content\/uploads\/2022\/12\/canto-coral-convento-penedo-696x464-1.jpg 696w, https:\/\/www.oparanews.com.br\/wp-content\/uploads\/2022\/12\/canto-coral-convento-penedo-696x464-1-300x200.jpg 300w\" sizes=\"auto, (max-width: 696px) 100vw, 696px\" \/><\/a><\/p>\n<p><strong>S\u00c1BADO DIA 10\/12 \u2013 19 HORAS<\/strong><\/p>\n<p>&nbsp;<\/p>\n<p><em><strong>1\u00ba CORAL SONETTO VOCALLE \u2013 Recife<\/strong><\/em><\/p>\n<p>Reg\u00eancia: Maestro Jadson Oliveira<\/p>\n<p><em><strong>GRUPO MUSICAL EMBRACANTO \u2013 Macei\u00f3<\/strong><\/em><\/p>\n<p>Reg\u00eancia: Maestrina Patr\u00edcia de Oliveira Albuquerque<\/p>\n<p><em><strong>CORAL HARMONIA \u2013 Aracaju<\/strong><\/em><\/p>\n<p>Reg\u00eancia: Maestro Elias Souza dos Santos<\/p>\n<p><em><strong>CORUFAL \u2013 Macei\u00f3<\/strong><\/em><\/p>\n<p>Reg\u00eancia: Maestro Moises Evel\u00e1sio<\/p>\n<p><em><strong>CORAL CANTO LIVRE \u2013 SICREDI \u2013 Macei\u00f3<\/strong><\/em><\/p>\n<p>Reg\u00eancia: Maestrina Patr\u00edcia de Oliveira Albuquerque<\/p>\n<p><em><strong>6\u00ba CORAL CANTO NO PONTO \u2013 Recife<\/strong><\/em><\/p>\n<p>Reg\u00eancia: Maestro Jadson Oliveira<\/p>\n<p><em><strong>CORAL HEBREWS MEN\u2019S CHOIR \u2013 Macei\u00f3<\/strong><\/em><\/p>\n<p>Reg\u00eancia: Maestro Moises Evel\u00e1sio<\/p>\n<p><em><strong>CORAL CESMAC \u2013 MACEI\u00d3 \u2013 AL<\/strong><\/em><\/p>\n<p>Reg\u00eancia Maestro Luiz Martins<\/p>\n<p><strong>SHOW MUSICAL \u2013 JAQUES SETTON E BANDA<\/strong><\/p>\n<p>&nbsp;<\/p>\n<p><strong>DOMINGO DIA 11 \u2013 06 HORAS<\/strong><\/p>\n<p>&nbsp;<\/p>\n<p>APRESENTA\u00c7\u00c3O DO CORAL DA ACADEMIA SERGIPANA DE LETRAS NA IGREJA DE SANTA MARIAS DO ANJOS, DURANTE A MISSA NO CONVENTO FRANCISCANO<\/p>\n<p>&nbsp;<\/p>\n<p>&nbsp;<\/p>\n<p>&nbsp;<\/p>\n<p>&nbsp;<\/p>\n<p><strong>Fonte: Secom PMP<\/strong><\/p>\n<p>&nbsp;<\/p>\n","protected":false},"excerpt":{"rendered":"<p>O Penedo Luz 2023 apresenta ao p\u00fablico a 20\u00aa edi\u00e7\u00e3o do Festival de Coros, evento que traz grupos de canto coral para o Largo de S\u00e3o Gon\u00e7alo, Centro Hist\u00f3rico da cidade. &nbsp; O programa cultural de alto n\u00edvel come\u00e7a \u00e0s 19 horas de sexta-feira, 09, com o show do Quarteto Ventos de Penedo, saxofonistas da &hellip;<\/p>\n","protected":false},"author":2,"featured_media":26094,"comment_status":"open","ping_status":"open","sticky":false,"template":"","format":"standard","meta":{"_jetpack_memberships_contains_paid_content":false,"footnotes":""},"categories":[1,3],"tags":[],"class_list":["post-26091","post","type-post","status-publish","format-standard","has-post-thumbnail","hentry","category-destaque","category-penedo"],"jetpack_featured_media_url":"https:\/\/www.oparanews.com.br\/wp-content\/uploads\/2022\/12\/festival-de-coros-penedo-luz-2022.jpg","jetpack_sharing_enabled":true,"_links":{"self":[{"href":"https:\/\/www.oparanews.com.br\/index.php\/wp-json\/wp\/v2\/posts\/26091","targetHints":{"allow":["GET"]}}],"collection":[{"href":"https:\/\/www.oparanews.com.br\/index.php\/wp-json\/wp\/v2\/posts"}],"about":[{"href":"https:\/\/www.oparanews.com.br\/index.php\/wp-json\/wp\/v2\/types\/post"}],"author":[{"embeddable":true,"href":"https:\/\/www.oparanews.com.br\/index.php\/wp-json\/wp\/v2\/users\/2"}],"replies":[{"embeddable":true,"href":"https:\/\/www.oparanews.com.br\/index.php\/wp-json\/wp\/v2\/comments?post=26091"}],"version-history":[{"count":3,"href":"https:\/\/www.oparanews.com.br\/index.php\/wp-json\/wp\/v2\/posts\/26091\/revisions"}],"predecessor-version":[{"id":26097,"href":"https:\/\/www.oparanews.com.br\/index.php\/wp-json\/wp\/v2\/posts\/26091\/revisions\/26097"}],"wp:featuredmedia":[{"embeddable":true,"href":"https:\/\/www.oparanews.com.br\/index.php\/wp-json\/wp\/v2\/media\/26094"}],"wp:attachment":[{"href":"https:\/\/www.oparanews.com.br\/index.php\/wp-json\/wp\/v2\/media?parent=26091"}],"wp:term":[{"taxonomy":"category","embeddable":true,"href":"https:\/\/www.oparanews.com.br\/index.php\/wp-json\/wp\/v2\/categories?post=26091"},{"taxonomy":"post_tag","embeddable":true,"href":"https:\/\/www.oparanews.com.br\/index.php\/wp-json\/wp\/v2\/tags?post=26091"}],"curies":[{"name":"wp","href":"https:\/\/api.w.org\/{rel}","templated":true}]}}