{"id":26101,"date":"2022-12-08T15:51:10","date_gmt":"2022-12-08T18:51:10","guid":{"rendered":"https:\/\/www.oparanews.com.br\/?p=26101"},"modified":"2022-12-08T15:51:10","modified_gmt":"2022-12-08T18:51:10","slug":"vereador-rodrigo-regueira-requer-a-reforma-geral-do-telhado-do-mercado-publico-de-penedo","status":"publish","type":"post","link":"https:\/\/www.oparanews.com.br\/index.php\/2022\/12\/08\/vereador-rodrigo-regueira-requer-a-reforma-geral-do-telhado-do-mercado-publico-de-penedo\/","title":{"rendered":"Vereador Rodrigo Regueira, requer a reforma geral do telhado do Mercado P\u00fablico de Penedo"},"content":{"rendered":"<p>Na \u00faltima sess\u00e3o ordin\u00e1ria da C\u00e2mara Municipal de Penedo sob a presid\u00eancia de J\u00fanior do T\u00f3, o vereador Rodrigo Regueira solicitou da municipalidade atrav\u00e9s da Secretaria de Abastecimento e Desenvolvimento Agr\u00edcola, a reforma completa do telhado do Mercado P\u00fablico localizado no centro comercial da nossa cidade.<\/p>\n<p>&nbsp;<\/p>\n<p>Segundo o parlamentar, a situa\u00e7\u00e3o daquele logradouro p\u00fablico \u00e9 cr\u00edtica onde em tempo chuvoso a situa\u00e7\u00e3o fica insustent\u00e1vel com muita \u00e1gua tomando conta de todo espa\u00e7o e extens\u00e3o do mercado, com a cobran\u00e7a sendo muito grande por parte n\u00e3o s\u00f3 dos comerciantes que pagam seus impostos e n\u00e3o tem uma presta\u00e7\u00e3o dos servi\u00e7os a altura das suas necessidades, como tamb\u00e9m da popula\u00e7\u00e3o em geral.<\/p>\n<p>&nbsp;<\/p>\n<p>Sendo assim, espera-se o edil a sensibilidade do Prefeito Ronaldo Lopes nesse sentindo, e que o munic\u00edpio venha atender o pleito daqueles trabalhadores e da coletividade penedense que usam aquele Mercado P\u00fablico diariamente.<\/p>\n<p>&nbsp;<\/p>\n<p>Nessa mesma sess\u00e3o, o vereador Rodrigo Regueira requereu do Prefeito Municipal a inclus\u00e3o da localidade denominada de Beco da Coruja na Rua do Sossego, no Programa \u201d Meu Bairro Melhor\u201d com a finalidade de proporcionar uma melhor qualidade de vida aqueles moradores.<\/p>\n<p>&nbsp;<\/p>\n<p>&nbsp;<\/p>\n<p>&nbsp;<\/p>\n<p><strong>com assessoria<\/strong><\/p>\n<p>&nbsp;<\/p>\n","protected":false},"excerpt":{"rendered":"<p>Na \u00faltima sess\u00e3o ordin\u00e1ria da C\u00e2mara Municipal de Penedo sob a presid\u00eancia de J\u00fanior do T\u00f3, o vereador Rodrigo Regueira solicitou da municipalidade atrav\u00e9s da Secretaria de Abastecimento e Desenvolvimento Agr\u00edcola, a reforma completa do telhado do Mercado P\u00fablico localizado no centro comercial da nossa cidade. &nbsp; Segundo o parlamentar, a situa\u00e7\u00e3o daquele logradouro p\u00fablico &hellip;<\/p>\n","protected":false},"author":2,"featured_media":25631,"comment_status":"open","ping_status":"open","sticky":false,"template":"","format":"standard","meta":{"_jetpack_memberships_contains_paid_content":false,"footnotes":""},"categories":[1,3],"tags":[],"class_list":["post-26101","post","type-post","status-publish","format-standard","has-post-thumbnail","hentry","category-destaque","category-penedo"],"jetpack_featured_media_url":"https:\/\/www.oparanews.com.br\/wp-content\/uploads\/2022\/11\/rodrigo-regueira-cmp-e1660678264617.jpg","jetpack_sharing_enabled":true,"_links":{"self":[{"href":"https:\/\/www.oparanews.com.br\/index.php\/wp-json\/wp\/v2\/posts\/26101","targetHints":{"allow":["GET"]}}],"collection":[{"href":"https:\/\/www.oparanews.com.br\/index.php\/wp-json\/wp\/v2\/posts"}],"about":[{"href":"https:\/\/www.oparanews.com.br\/index.php\/wp-json\/wp\/v2\/types\/post"}],"author":[{"embeddable":true,"href":"https:\/\/www.oparanews.com.br\/index.php\/wp-json\/wp\/v2\/users\/2"}],"replies":[{"embeddable":true,"href":"https:\/\/www.oparanews.com.br\/index.php\/wp-json\/wp\/v2\/comments?post=26101"}],"version-history":[{"count":1,"href":"https:\/\/www.oparanews.com.br\/index.php\/wp-json\/wp\/v2\/posts\/26101\/revisions"}],"predecessor-version":[{"id":26102,"href":"https:\/\/www.oparanews.com.br\/index.php\/wp-json\/wp\/v2\/posts\/26101\/revisions\/26102"}],"wp:featuredmedia":[{"embeddable":true,"href":"https:\/\/www.oparanews.com.br\/index.php\/wp-json\/wp\/v2\/media\/25631"}],"wp:attachment":[{"href":"https:\/\/www.oparanews.com.br\/index.php\/wp-json\/wp\/v2\/media?parent=26101"}],"wp:term":[{"taxonomy":"category","embeddable":true,"href":"https:\/\/www.oparanews.com.br\/index.php\/wp-json\/wp\/v2\/categories?post=26101"},{"taxonomy":"post_tag","embeddable":true,"href":"https:\/\/www.oparanews.com.br\/index.php\/wp-json\/wp\/v2\/tags?post=26101"}],"curies":[{"name":"wp","href":"https:\/\/api.w.org\/{rel}","templated":true}]}}