{"id":26166,"date":"2022-12-13T23:38:55","date_gmt":"2022-12-14T02:38:55","guid":{"rendered":"https:\/\/www.oparanews.com.br\/?p=26166"},"modified":"2022-12-13T23:38:55","modified_gmt":"2022-12-14T02:38:55","slug":"confira-a-programacao-cultural-da-festa-de-bom-jesus-dos-navegantes-em-penedo","status":"publish","type":"post","link":"https:\/\/www.oparanews.com.br\/index.php\/2022\/12\/13\/confira-a-programacao-cultural-da-festa-de-bom-jesus-dos-navegantes-em-penedo\/","title":{"rendered":"Confira a programa\u00e7\u00e3o cultural da Festa de Bom Jesus dos Navegantes em Penedo"},"content":{"rendered":"<p>Os festejos alusivos ao Bom Jesus dos Navegantes em Penedo est\u00e1 com sua programa\u00e7\u00e3o cultural definida pela Secretaria Municipal de Cultura, Lazer e Juventude (SEMCLEJ) para 2023.<\/p>\n<p>&nbsp;<\/p>\n<p>O maior evento da regi\u00e3o do Baixo S\u00e3o Francisco celebra o santo padroeiro dos ribeirinhos durante toda a primeira semana de janeiro, com show da banda Evedus durante as celebra\u00e7\u00f5es no Espa\u00e7o da F\u00e9 (ao lado da Capela de Santa Cruz).<\/p>\n<p>&nbsp;<\/p>\n<p>O grupo Anjos de Resgate tamb\u00e9m se apresenta no mesmo local na noite de s\u00e1bado, 07, a partir das 20h30. J\u00e1 programa\u00e7\u00e3o cultural da Festa do Bom Jesus de Penedo acontece na Pra\u00e7a Comendador Peixoto, em frente ao supermercado Ki-Barato.<\/p>\n<p>&nbsp;<\/p>\n<p>Logo na abertura, na quinta-feira (05), destaque para a exposi\u00e7\u00e3o Barcos \u00e0 Vela no porto das balsas. Diversas atra\u00e7\u00f5es musicais e folcl\u00f3ricas sobem ao palco ou levam sua arte para as ruas at\u00e9 o domingo (08), data da prociss\u00e3o fluvial, ponto alto da festa realizada pela Prefeitura de Penedo em parceria com a Diocese de Penedo e apoio do Governo de Alagoas.<\/p>\n<p>&nbsp;<\/p>\n<p>Confira no link abaixo a programa\u00e7\u00e3o cultural da Festa de Bom Jesus de Penedo<\/p>\n<p>&nbsp;<\/p>\n<p><a href=\"https:\/\/penedo.al.gov.br\/wp-content\/uploads\/2022\/12\/PROGRAMACAO-CULTURAL-BOM-JESUS-PENEDO-2023.pdf\"><strong>PROGRAMA\u00c7\u00c3O CULTURAL \u2013 BOM JESUS PENEDO 2023<\/strong><\/a><\/p>\n<p>&nbsp;<\/p>\n<p>&nbsp;<\/p>\n<p>&nbsp;<\/p>\n<p><strong>Fonte: Secom PMP<\/strong><\/p>\n<p>&nbsp;<\/p>\n","protected":false},"excerpt":{"rendered":"<p>Os festejos alusivos ao Bom Jesus dos Navegantes em Penedo est\u00e1 com sua programa\u00e7\u00e3o cultural definida pela Secretaria Municipal de Cultura, Lazer e Juventude (SEMCLEJ) para 2023. &nbsp; O maior evento da regi\u00e3o do Baixo S\u00e3o Francisco celebra o santo padroeiro dos ribeirinhos durante toda a primeira semana de janeiro, com show da banda Evedus &hellip;<\/p>\n","protected":false},"author":2,"featured_media":26167,"comment_status":"open","ping_status":"open","sticky":false,"template":"","format":"standard","meta":{"_jetpack_memberships_contains_paid_content":false,"footnotes":""},"categories":[1,3],"tags":[],"class_list":["post-26166","post","type-post","status-publish","format-standard","has-post-thumbnail","hentry","category-destaque","category-penedo"],"jetpack_featured_media_url":"https:\/\/www.oparanews.com.br\/wp-content\/uploads\/2022\/12\/bom-jesus-penedo-foto-antonio-fon-decom-pmp-14.jpg","jetpack_sharing_enabled":true,"_links":{"self":[{"href":"https:\/\/www.oparanews.com.br\/index.php\/wp-json\/wp\/v2\/posts\/26166","targetHints":{"allow":["GET"]}}],"collection":[{"href":"https:\/\/www.oparanews.com.br\/index.php\/wp-json\/wp\/v2\/posts"}],"about":[{"href":"https:\/\/www.oparanews.com.br\/index.php\/wp-json\/wp\/v2\/types\/post"}],"author":[{"embeddable":true,"href":"https:\/\/www.oparanews.com.br\/index.php\/wp-json\/wp\/v2\/users\/2"}],"replies":[{"embeddable":true,"href":"https:\/\/www.oparanews.com.br\/index.php\/wp-json\/wp\/v2\/comments?post=26166"}],"version-history":[{"count":1,"href":"https:\/\/www.oparanews.com.br\/index.php\/wp-json\/wp\/v2\/posts\/26166\/revisions"}],"predecessor-version":[{"id":26168,"href":"https:\/\/www.oparanews.com.br\/index.php\/wp-json\/wp\/v2\/posts\/26166\/revisions\/26168"}],"wp:featuredmedia":[{"embeddable":true,"href":"https:\/\/www.oparanews.com.br\/index.php\/wp-json\/wp\/v2\/media\/26167"}],"wp:attachment":[{"href":"https:\/\/www.oparanews.com.br\/index.php\/wp-json\/wp\/v2\/media?parent=26166"}],"wp:term":[{"taxonomy":"category","embeddable":true,"href":"https:\/\/www.oparanews.com.br\/index.php\/wp-json\/wp\/v2\/categories?post=26166"},{"taxonomy":"post_tag","embeddable":true,"href":"https:\/\/www.oparanews.com.br\/index.php\/wp-json\/wp\/v2\/tags?post=26166"}],"curies":[{"name":"wp","href":"https:\/\/api.w.org\/{rel}","templated":true}]}}