{"id":26185,"date":"2022-12-15T16:52:13","date_gmt":"2022-12-15T19:52:13","guid":{"rendered":"https:\/\/www.oparanews.com.br\/?p=26185"},"modified":"2022-12-15T16:52:13","modified_gmt":"2022-12-15T19:52:13","slug":"papai-noel-desembarca-no-penedo-luz-e-atrai-multidao-para-orla-da-cidade","status":"publish","type":"post","link":"https:\/\/www.oparanews.com.br\/index.php\/2022\/12\/15\/papai-noel-desembarca-no-penedo-luz-e-atrai-multidao-para-orla-da-cidade\/","title":{"rendered":"Papai Noel desembarca no Penedo Luz e atrai multid\u00e3o para orla da cidade"},"content":{"rendered":"<p>A chegada do Papai Noel em Penedo atraiu uma multid\u00e3o para a orla da cidade. O bom velhinho desembarcou no porto das balsas na noite desta quarta-feira, 14, saudado por m\u00fasicos e fam\u00edlias.<\/p>\n<p>&nbsp;<\/p>\n<p>A atra\u00e7\u00e3o do Penedo Luz desceu da embarca\u00e7\u00e3o iluminada no estilo que a Prefeitura de Penedo adota para o Centro Hist\u00f3rico durante os festejos de final de ano e o per\u00edodo da Festa de Bom Jesus dos Navegantes.<\/p>\n<p>&nbsp;<\/p>\n<p>Cercado por crian\u00e7as, Papai Noel e comitiva percorreram parte da orla ribeirinha em cima de um mini trio el\u00e9trico, acompanhados por integrantes do desfile que abriu a programa\u00e7\u00e3o do Penedo Luz na noite de ontem.<\/p>\n<p><a href=\"http:\/\/www.oparanews.com.br\/wp-content\/uploads\/2022\/12\/penedo-luz-papai-noel-foto-deywisson-duarte-25.jpeg\"><img loading=\"lazy\" decoding=\"async\" class=\"aligncenter size-full wp-image-26187\" src=\"http:\/\/www.oparanews.com.br\/wp-content\/uploads\/2022\/12\/penedo-luz-papai-noel-foto-deywisson-duarte-25.jpeg\" alt=\"\" width=\"1280\" height=\"853\" srcset=\"https:\/\/www.oparanews.com.br\/wp-content\/uploads\/2022\/12\/penedo-luz-papai-noel-foto-deywisson-duarte-25.jpeg 1280w, https:\/\/www.oparanews.com.br\/wp-content\/uploads\/2022\/12\/penedo-luz-papai-noel-foto-deywisson-duarte-25-300x200.jpeg 300w, https:\/\/www.oparanews.com.br\/wp-content\/uploads\/2022\/12\/penedo-luz-papai-noel-foto-deywisson-duarte-25-1024x682.jpeg 1024w, https:\/\/www.oparanews.com.br\/wp-content\/uploads\/2022\/12\/penedo-luz-papai-noel-foto-deywisson-duarte-25-768x512.jpeg 768w\" sizes=\"auto, (max-width: 1280px) 100vw, 1280px\" \/><\/a><\/p>\n<p>A festa promovida pelas Secretarias de Cultura e de Turismo da Prefeitura de Penedo est\u00e1 concentrada na Pra\u00e7a 12 de Abril, onde Papai Noel recebe meninos e meninas para a tradicional fotografia em sua casinha, perto da Igreja das Correntes.<\/p>\n<p>&nbsp;<\/p>\n<p>Quem tamb\u00e9m se divertiu ontem, com passeio noturno de barco no Rio S\u00e3o Francisco, foram estudantes da Educa\u00e7\u00e3o de Jovens e Adultos (EJA) da Secretaria Municipal de Educa\u00e7\u00e3o (Semed).<\/p>\n<p>&nbsp;<\/p>\n<p>Hoje, durante o dia, alunos e alunas do Ensino Fundamental da Semed Penedo tamb\u00e9m tiveram acesso ao passeio, com acompanhamento de professores e monitores.<\/p>\n<p>&nbsp;<\/p>\n<p>&nbsp;<\/p>\n<p>&nbsp;<\/p>\n<p><strong>Fonte: Secom PMP<\/strong><\/p>\n<p>&nbsp;<\/p>\n","protected":false},"excerpt":{"rendered":"<p>A chegada do Papai Noel em Penedo atraiu uma multid\u00e3o para a orla da cidade. O bom velhinho desembarcou no porto das balsas na noite desta quarta-feira, 14, saudado por m\u00fasicos e fam\u00edlias. &nbsp; A atra\u00e7\u00e3o do Penedo Luz desceu da embarca\u00e7\u00e3o iluminada no estilo que a Prefeitura de Penedo adota para o Centro Hist\u00f3rico &hellip;<\/p>\n","protected":false},"author":2,"featured_media":26186,"comment_status":"open","ping_status":"open","sticky":false,"template":"","format":"standard","meta":{"_jetpack_memberships_contains_paid_content":false,"footnotes":""},"categories":[1,3],"tags":[],"class_list":["post-26185","post","type-post","status-publish","format-standard","has-post-thumbnail","hentry","category-destaque","category-penedo"],"jetpack_featured_media_url":"https:\/\/www.oparanews.com.br\/wp-content\/uploads\/2022\/12\/penedo-luz-drone.jpg","jetpack_sharing_enabled":true,"_links":{"self":[{"href":"https:\/\/www.oparanews.com.br\/index.php\/wp-json\/wp\/v2\/posts\/26185","targetHints":{"allow":["GET"]}}],"collection":[{"href":"https:\/\/www.oparanews.com.br\/index.php\/wp-json\/wp\/v2\/posts"}],"about":[{"href":"https:\/\/www.oparanews.com.br\/index.php\/wp-json\/wp\/v2\/types\/post"}],"author":[{"embeddable":true,"href":"https:\/\/www.oparanews.com.br\/index.php\/wp-json\/wp\/v2\/users\/2"}],"replies":[{"embeddable":true,"href":"https:\/\/www.oparanews.com.br\/index.php\/wp-json\/wp\/v2\/comments?post=26185"}],"version-history":[{"count":1,"href":"https:\/\/www.oparanews.com.br\/index.php\/wp-json\/wp\/v2\/posts\/26185\/revisions"}],"predecessor-version":[{"id":26188,"href":"https:\/\/www.oparanews.com.br\/index.php\/wp-json\/wp\/v2\/posts\/26185\/revisions\/26188"}],"wp:featuredmedia":[{"embeddable":true,"href":"https:\/\/www.oparanews.com.br\/index.php\/wp-json\/wp\/v2\/media\/26186"}],"wp:attachment":[{"href":"https:\/\/www.oparanews.com.br\/index.php\/wp-json\/wp\/v2\/media?parent=26185"}],"wp:term":[{"taxonomy":"category","embeddable":true,"href":"https:\/\/www.oparanews.com.br\/index.php\/wp-json\/wp\/v2\/categories?post=26185"},{"taxonomy":"post_tag","embeddable":true,"href":"https:\/\/www.oparanews.com.br\/index.php\/wp-json\/wp\/v2\/tags?post=26185"}],"curies":[{"name":"wp","href":"https:\/\/api.w.org\/{rel}","templated":true}]}}