{"id":26210,"date":"2022-12-17T10:08:22","date_gmt":"2022-12-17T13:08:22","guid":{"rendered":"https:\/\/www.oparanews.com.br\/?p=26210"},"modified":"2022-12-17T10:08:22","modified_gmt":"2022-12-17T13:08:22","slug":"secretaria-de-educacao-de-penedo-realiza-1a-mostra-pedagogica-da-educacao-especial","status":"publish","type":"post","link":"https:\/\/www.oparanews.com.br\/index.php\/2022\/12\/17\/secretaria-de-educacao-de-penedo-realiza-1a-mostra-pedagogica-da-educacao-especial\/","title":{"rendered":"Secretaria de Educa\u00e7\u00e3o de Penedo realiza 1\u00aa Mostra Pedag\u00f3gica da Educa\u00e7\u00e3o Especial"},"content":{"rendered":"<p>A Prefeitura de Penedo, por meio da Secretaria Municipal de Educa\u00e7\u00e3o (Semed), promoveu nesta sexta-feira, 16, a 1\u00aa Mostra Pedag\u00f3gica da Educa\u00e7\u00e3o Especial.<\/p>\n<p>&nbsp;<\/p>\n<p>O evento realizado no antigo gin\u00e1sio do Sesi teve como objetivo evidenciar trabalhos e atividades pedag\u00f3gicas do ensino-aprendizagem dos estudantes da Educa\u00e7\u00e3o Especial, desenvolvidos nas salas de aula da rede da Semed.<\/p>\n<p>&nbsp;<\/p>\n<p>\u201cPais e alunos poder\u00e3o ver tudo que foi realizado durante o ano letivo 2022, sendo o p\u00fablico alvo a educa\u00e7\u00e3o especial\u201d, disse Isabel Trajano, Coordenadora da Educa\u00e7\u00e3o Especial na Semed.<\/p>\n<p>&nbsp;<\/p>\n<p>Al\u00e9m de ser fonte de constante aprendizado e evolu\u00e7\u00e3o, \u00e9 a partir das diferen\u00e7as que hist\u00f3rias s\u00e3o constru\u00eddas. \u201cPara n\u00f3s \u00e9 um privil\u00e9gio demostrar um pouco do nosso trabalho com as crian\u00e7as especiais no decorrer do ano, o intuito de mostrar que elas s\u00e3o crian\u00e7as capazes\u201d, ressaltou a cuidadora Marcia Oliveira.<\/p>\n<p>&nbsp;<\/p>\n<p>No dia a dia, a Semed disponibiliza interpretes e instrutores de Libras (Linguagem Brasileira de Sinais) nas escolas, apoio fundamental para o desenvolvimento intelectual de cada indiv\u00edduo surdo da nossa comunidade.<\/p>\n<p>&nbsp;<\/p>\n<p>A 1\u00aa Mostra Pedag\u00f3gica da Educa\u00e7\u00e3o Especial foi encerrada com estudantes da Educa\u00e7\u00e3o de Jovens e Adultos (EJA) da Escola Municipal Manoel Soares, junto com alunos e alunas com problema de audi\u00e7\u00e3o, apresentando o musical \u201cNingu\u00e9m \u00e9 igual a ningu\u00e9m\u201d.<\/p>\n<p>&nbsp;<\/p>\n<p>&nbsp;<\/p>\n<p>&nbsp;<\/p>\n<p>&nbsp;<\/p>\n<p><strong>Fonte: Secom PMP<\/strong><\/p>\n<p>&nbsp;<\/p>\n","protected":false},"excerpt":{"rendered":"<p>A Prefeitura de Penedo, por meio da Secretaria Municipal de Educa\u00e7\u00e3o (Semed), promoveu nesta sexta-feira, 16, a 1\u00aa Mostra Pedag\u00f3gica da Educa\u00e7\u00e3o Especial. &nbsp; O evento realizado no antigo gin\u00e1sio do Sesi teve como objetivo evidenciar trabalhos e atividades pedag\u00f3gicas do ensino-aprendizagem dos estudantes da Educa\u00e7\u00e3o Especial, desenvolvidos nas salas de aula da rede da &hellip;<\/p>\n","protected":false},"author":2,"featured_media":26211,"comment_status":"open","ping_status":"open","sticky":false,"template":"","format":"standard","meta":{"_jetpack_memberships_contains_paid_content":false,"footnotes":""},"categories":[1,3],"tags":[],"class_list":["post-26210","post","type-post","status-publish","format-standard","has-post-thumbnail","hentry","category-destaque","category-penedo"],"jetpack_featured_media_url":"https:\/\/www.oparanews.com.br\/wp-content\/uploads\/2022\/12\/WhatsApp-Image-2022-12-16-at-14.33.07-1.jpeg","jetpack_sharing_enabled":true,"_links":{"self":[{"href":"https:\/\/www.oparanews.com.br\/index.php\/wp-json\/wp\/v2\/posts\/26210","targetHints":{"allow":["GET"]}}],"collection":[{"href":"https:\/\/www.oparanews.com.br\/index.php\/wp-json\/wp\/v2\/posts"}],"about":[{"href":"https:\/\/www.oparanews.com.br\/index.php\/wp-json\/wp\/v2\/types\/post"}],"author":[{"embeddable":true,"href":"https:\/\/www.oparanews.com.br\/index.php\/wp-json\/wp\/v2\/users\/2"}],"replies":[{"embeddable":true,"href":"https:\/\/www.oparanews.com.br\/index.php\/wp-json\/wp\/v2\/comments?post=26210"}],"version-history":[{"count":1,"href":"https:\/\/www.oparanews.com.br\/index.php\/wp-json\/wp\/v2\/posts\/26210\/revisions"}],"predecessor-version":[{"id":26212,"href":"https:\/\/www.oparanews.com.br\/index.php\/wp-json\/wp\/v2\/posts\/26210\/revisions\/26212"}],"wp:featuredmedia":[{"embeddable":true,"href":"https:\/\/www.oparanews.com.br\/index.php\/wp-json\/wp\/v2\/media\/26211"}],"wp:attachment":[{"href":"https:\/\/www.oparanews.com.br\/index.php\/wp-json\/wp\/v2\/media?parent=26210"}],"wp:term":[{"taxonomy":"category","embeddable":true,"href":"https:\/\/www.oparanews.com.br\/index.php\/wp-json\/wp\/v2\/categories?post=26210"},{"taxonomy":"post_tag","embeddable":true,"href":"https:\/\/www.oparanews.com.br\/index.php\/wp-json\/wp\/v2\/tags?post=26210"}],"curies":[{"name":"wp","href":"https:\/\/api.w.org\/{rel}","templated":true}]}}