{"id":26237,"date":"2022-12-19T15:19:36","date_gmt":"2022-12-19T18:19:36","guid":{"rendered":"https:\/\/www.oparanews.com.br\/?p=26237"},"modified":"2022-12-19T15:19:36","modified_gmt":"2022-12-19T18:19:36","slug":"penedo-luz-apresenta-concerto-de-natal-com-orquestra-filarmonica-de-alagoas","status":"publish","type":"post","link":"https:\/\/www.oparanews.com.br\/index.php\/2022\/12\/19\/penedo-luz-apresenta-concerto-de-natal-com-orquestra-filarmonica-de-alagoas\/","title":{"rendered":"Penedo Luz apresenta Concerto de Natal com Orquestra Filarm\u00f4nica de Alagoas"},"content":{"rendered":"<p>A programa\u00e7\u00e3o do Penedo Luz apresenta mais uma atra\u00e7\u00e3o gratuita para a popula\u00e7\u00e3o de Penedo e visitantes. Na noite de quarta-feira, 21, a Orquestra Filarm\u00f4nica de Alagoas faz o Concerto de Natal na catedral diocesana, localizada em frente da Pra\u00e7a Bar\u00e3o de Penedo.<\/p>\n<p>&nbsp;<\/p>\n<p>O espet\u00e1culo aberto ao p\u00fablico tem dire\u00e7\u00e3o art\u00edstica e reg\u00eancia do maestro Luiz Martins, com destaque para a professora de canto e solista do concerto Elis\u00e2ngela Leandro, com repert\u00f3rio de m\u00fasicas natalinas, incluindo as tradicionais \u2018Ave Maria\u2019 e \u2018Jesus Alegria dos Homens\u2019, al\u00e9m de outros cl\u00e1ssicos.<\/p>\n<p>&nbsp;<\/p>\n<p>A Orquestra Filarm\u00f4nica de Alagoas trouxe, em julho deste ano, o Concerto Estrela Radiosa para o Centro de Conven\u00e7\u00f5es e Eventos Comendador Zeca Peixoto.<\/p>\n<p>&nbsp;<\/p>\n<p>As apresenta\u00e7\u00f5es s\u00e3o fruto da parceria da Prefeitura de Penedo com o Governo de Alagoas, por meio das Secretarias Municipais de Turismo e de Cultura, Lazer e Juventude; com a Secretaria de Estado da Cultura e o Instituto do Meio Ambiente de Alagoas (IMA).<\/p>\n<p>&nbsp;<\/p>\n<p>&nbsp;<\/p>\n<p>&nbsp;<\/p>\n<p><strong>Fonte: Secom PMP<\/strong><\/p>\n<p>&nbsp;<\/p>\n","protected":false},"excerpt":{"rendered":"<p>A programa\u00e7\u00e3o do Penedo Luz apresenta mais uma atra\u00e7\u00e3o gratuita para a popula\u00e7\u00e3o de Penedo e visitantes. Na noite de quarta-feira, 21, a Orquestra Filarm\u00f4nica de Alagoas faz o Concerto de Natal na catedral diocesana, localizada em frente da Pra\u00e7a Bar\u00e3o de Penedo. &nbsp; O espet\u00e1culo aberto ao p\u00fablico tem dire\u00e7\u00e3o art\u00edstica e reg\u00eancia do &hellip;<\/p>\n","protected":false},"author":2,"featured_media":26238,"comment_status":"open","ping_status":"open","sticky":false,"template":"","format":"standard","meta":{"_jetpack_memberships_contains_paid_content":false,"footnotes":""},"categories":[1,3],"tags":[],"class_list":["post-26237","post","type-post","status-publish","format-standard","has-post-thumbnail","hentry","category-destaque","category-penedo"],"jetpack_featured_media_url":"https:\/\/www.oparanews.com.br\/wp-content\/uploads\/2022\/12\/concerto-orquestra-filarmonica-penedo-foto-deywisson.jpeg","jetpack_sharing_enabled":true,"_links":{"self":[{"href":"https:\/\/www.oparanews.com.br\/index.php\/wp-json\/wp\/v2\/posts\/26237","targetHints":{"allow":["GET"]}}],"collection":[{"href":"https:\/\/www.oparanews.com.br\/index.php\/wp-json\/wp\/v2\/posts"}],"about":[{"href":"https:\/\/www.oparanews.com.br\/index.php\/wp-json\/wp\/v2\/types\/post"}],"author":[{"embeddable":true,"href":"https:\/\/www.oparanews.com.br\/index.php\/wp-json\/wp\/v2\/users\/2"}],"replies":[{"embeddable":true,"href":"https:\/\/www.oparanews.com.br\/index.php\/wp-json\/wp\/v2\/comments?post=26237"}],"version-history":[{"count":1,"href":"https:\/\/www.oparanews.com.br\/index.php\/wp-json\/wp\/v2\/posts\/26237\/revisions"}],"predecessor-version":[{"id":26239,"href":"https:\/\/www.oparanews.com.br\/index.php\/wp-json\/wp\/v2\/posts\/26237\/revisions\/26239"}],"wp:featuredmedia":[{"embeddable":true,"href":"https:\/\/www.oparanews.com.br\/index.php\/wp-json\/wp\/v2\/media\/26238"}],"wp:attachment":[{"href":"https:\/\/www.oparanews.com.br\/index.php\/wp-json\/wp\/v2\/media?parent=26237"}],"wp:term":[{"taxonomy":"category","embeddable":true,"href":"https:\/\/www.oparanews.com.br\/index.php\/wp-json\/wp\/v2\/categories?post=26237"},{"taxonomy":"post_tag","embeddable":true,"href":"https:\/\/www.oparanews.com.br\/index.php\/wp-json\/wp\/v2\/tags?post=26237"}],"curies":[{"name":"wp","href":"https:\/\/api.w.org\/{rel}","templated":true}]}}