{"id":26294,"date":"2022-12-22T22:29:24","date_gmt":"2022-12-23T01:29:24","guid":{"rendered":"https:\/\/www.oparanews.com.br\/?p=26294"},"modified":"2022-12-22T22:29:24","modified_gmt":"2022-12-23T01:29:24","slug":"prefeito-ronaldo-lopes-amplia-assistencia-a-santa-casa-de-penedo-para-evitar-fechamento-da-maternidade","status":"publish","type":"post","link":"https:\/\/www.oparanews.com.br\/index.php\/2022\/12\/22\/prefeito-ronaldo-lopes-amplia-assistencia-a-santa-casa-de-penedo-para-evitar-fechamento-da-maternidade\/","title":{"rendered":"Prefeito Ronaldo Lopes amplia assist\u00eancia \u00e0 Santa Casa de Penedo para evitar fechamento da maternidade"},"content":{"rendered":"<p>A maternidade da Santa Casa de Miseric\u00f3rdia de Penedo n\u00e3o ir\u00e1 fechar as portas porque o munic\u00edpio tem um gestor comprometido com a popula\u00e7\u00e3o, principalmente com as camadas que mais precisam do poder p\u00fablico.<\/p>\n<p>&nbsp;<\/p>\n<p>Por meio de termo de parceria entre a Prefeitura de Penedo e a institui\u00e7\u00e3o filantr\u00f3pica, a gest\u00e3o Crescendo Com Seu Povo vai repassar a soma de um milh\u00e3o de reais, em parcelas mensais no valor de cem mil reais, para manuten\u00e7\u00e3o dos plant\u00f5es da maternidade, inclusive do setor de pediatria.<\/p>\n<p>&nbsp;<\/p>\n<p>A solu\u00e7\u00e3o administrativa do Prefeito Ronaldo Lopes \u00e9 mais prova do compromisso do gestor que mant\u00e9m os repasses financeiros de responsabilidade do munic\u00edpio em dia com a Santa Casa de Penedo, regularidade reconhecida em nota distribu\u00edda pela institui\u00e7\u00e3o.<\/p>\n<p>&nbsp;<\/p>\n<p>O termo de parceria foi publicado no Di\u00e1rio Oficial do Munic\u00edpio na edi\u00e7\u00e3o desta quinta-feira, 22, e pode ser conferido abaixo no link abaixo do texto.<\/p>\n<p>&nbsp;<\/p>\n<p><a href=\"https:\/\/penedo.al.gov.br\/wp-content\/uploads\/2022\/12\/TERMO-DE-PARCERIA-ENTRE-PREFEITURA-DE-PENEDO-E-SANTA-CASA-DE-MISERICORDIA-DE-PENEDO.pdf\"><strong>TERMO DE PARCERIA ENTRE PREFEITURA DE PENEDO E SANTA CASA DE MISERICORDIA DE PENEDO<\/strong><\/a><\/p>\n<p>&nbsp;<\/p>\n<p>&nbsp;<\/p>\n<p>&nbsp;<\/p>\n<p>&nbsp;<\/p>\n<p><strong>Fonte: Secom PMP<\/strong><\/p>\n<p>&nbsp;<\/p>\n","protected":false},"excerpt":{"rendered":"<p>A maternidade da Santa Casa de Miseric\u00f3rdia de Penedo n\u00e3o ir\u00e1 fechar as portas porque o munic\u00edpio tem um gestor comprometido com a popula\u00e7\u00e3o, principalmente com as camadas que mais precisam do poder p\u00fablico. &nbsp; Por meio de termo de parceria entre a Prefeitura de Penedo e a institui\u00e7\u00e3o filantr\u00f3pica, a gest\u00e3o Crescendo Com Seu &hellip;<\/p>\n","protected":false},"author":2,"featured_media":26295,"comment_status":"open","ping_status":"open","sticky":false,"template":"","format":"standard","meta":{"_jetpack_memberships_contains_paid_content":false,"footnotes":""},"categories":[1,3],"tags":[],"class_list":["post-26294","post","type-post","status-publish","format-standard","has-post-thumbnail","hentry","category-destaque","category-penedo"],"jetpack_featured_media_url":"https:\/\/www.oparanews.com.br\/wp-content\/uploads\/2022\/12\/Ronaldo-Lopes-Prefeito-Penedo.jpeg","jetpack_sharing_enabled":true,"_links":{"self":[{"href":"https:\/\/www.oparanews.com.br\/index.php\/wp-json\/wp\/v2\/posts\/26294","targetHints":{"allow":["GET"]}}],"collection":[{"href":"https:\/\/www.oparanews.com.br\/index.php\/wp-json\/wp\/v2\/posts"}],"about":[{"href":"https:\/\/www.oparanews.com.br\/index.php\/wp-json\/wp\/v2\/types\/post"}],"author":[{"embeddable":true,"href":"https:\/\/www.oparanews.com.br\/index.php\/wp-json\/wp\/v2\/users\/2"}],"replies":[{"embeddable":true,"href":"https:\/\/www.oparanews.com.br\/index.php\/wp-json\/wp\/v2\/comments?post=26294"}],"version-history":[{"count":1,"href":"https:\/\/www.oparanews.com.br\/index.php\/wp-json\/wp\/v2\/posts\/26294\/revisions"}],"predecessor-version":[{"id":26296,"href":"https:\/\/www.oparanews.com.br\/index.php\/wp-json\/wp\/v2\/posts\/26294\/revisions\/26296"}],"wp:featuredmedia":[{"embeddable":true,"href":"https:\/\/www.oparanews.com.br\/index.php\/wp-json\/wp\/v2\/media\/26295"}],"wp:attachment":[{"href":"https:\/\/www.oparanews.com.br\/index.php\/wp-json\/wp\/v2\/media?parent=26294"}],"wp:term":[{"taxonomy":"category","embeddable":true,"href":"https:\/\/www.oparanews.com.br\/index.php\/wp-json\/wp\/v2\/categories?post=26294"},{"taxonomy":"post_tag","embeddable":true,"href":"https:\/\/www.oparanews.com.br\/index.php\/wp-json\/wp\/v2\/tags?post=26294"}],"curies":[{"name":"wp","href":"https:\/\/api.w.org\/{rel}","templated":true}]}}