{"id":26322,"date":"2022-12-25T19:06:43","date_gmt":"2022-12-25T22:06:43","guid":{"rendered":"https:\/\/www.oparanews.com.br\/?p=26322"},"modified":"2022-12-25T19:06:43","modified_gmt":"2022-12-25T22:06:43","slug":"piacabucu-mar-vermelho-arapiraca-as-cidades-de-alagoas-com-as-maiores-taxas-de-covid","status":"publish","type":"post","link":"https:\/\/www.oparanews.com.br\/index.php\/2022\/12\/25\/piacabucu-mar-vermelho-arapiraca-as-cidades-de-alagoas-com-as-maiores-taxas-de-covid\/","title":{"rendered":"Pia\u00e7abu\u00e7u, Mar Vermelho, Arapiraca&#8230; as cidades de Alagoas com as maiores taxas de Covid"},"content":{"rendered":"<p>Os casos conhecidos de pacientes com Covid em Alagoas se multiplicam neste fim de ano e obrigam \u00e0 manuten\u00e7\u00e3o dos cuidados para evitar o cont\u00e1gio pelo coronav\u00edrus. O boletim epidemiol\u00f3gico da Secretaria de Estado da Sa\u00fade (Sesau) divulgado neste s\u00e1bado (24) mostra os munic\u00edpios com as maiores taxas de infec\u00e7\u00e3o por 100 mil habitantes.<\/p>\n<p>&nbsp;<\/p>\n<p>No topo dessa lista est\u00e1 a cidade de Pia\u00e7abu\u00e7u, com uma taxa de 1.069. Na sequ\u00eancia, aparecem Mar Vermelho (1.036,3), Arapiraca (860), Delmiro Gouveia (700,9) e Lagoa da Canoa (633,1). Macei\u00f3 consta na 18\u00aa coloca\u00e7\u00e3o na lista, com taxa de 321,3 casos a cada 100 mil habitantes.<\/p>\n<p>&nbsp;<\/p>\n<p>O levantamento da Sesau considera os casos conhecidos no per\u00edodo de 26 de novembro a 23 de dezembro. Mas \u00e9 importante n\u00e3o confundir a taxa de infec\u00e7\u00e3o por 100 mil habitantes com o n\u00famero absoluto de infec\u00e7\u00f5es.<\/p>\n<p>&nbsp;<\/p>\n<p>Para que a compara\u00e7\u00e3o da situa\u00e7\u00e3o da pandemia em cada cidade seja feita de forma equilibrada, independentemente do tamanho e da quantidade de habitantes, o n\u00famero de casos \u00e9 dividido pela popula\u00e7\u00e3o local e multiplicado por 100.000.<\/p>\n<p>&nbsp;<\/p>\n<p>Dessa forma, \u00e9 poss\u00edvel apontar em quais cidades a infec\u00e7\u00e3o acontece de forma mais recorrente e quais t\u00eam menos casos novos sendo registrados dia ap\u00f3s dia.<\/p>\n<p>&nbsp;<\/p>\n<p>Infectologistas e t\u00e9cnicos em epidemiologia alertam para a possibilidade de aumento no n\u00famero de interna\u00e7\u00f5es causadas pela Covid por causa das festas de fim de ano e da alta de casos. O estado tem ampliado o n\u00famero de leitos para evitar colapso da rede estadual de sa\u00fade.<\/p>\n<p>&nbsp;<\/p>\n<p>Por isso, \u00e9 importante manter os cuidados para evitar o cont\u00e1gio:<\/p>\n<p>&nbsp;<\/p>\n<ul>\n<li><strong>uso de m\u00e1scara em locais fechados<\/strong><\/li>\n<li><strong>conclus\u00e3o do esquema vacinal<\/strong><\/li>\n<li><strong>higieniza\u00e7\u00e3o das m\u00e3os com \u00e1lcool em gel a 70%<\/strong><\/li>\n<li><strong>evitar aglomera\u00e7\u00f5es, sobretudo em locais fechados<\/strong><\/li>\n<\/ul>\n<p>&nbsp;<\/p>\n<p>Manter o esquema vacinal contra Covid em dia \u00e9 uma das principais recomenda\u00e7\u00f5es dos especialistas.<\/p>\n<p>&nbsp;<\/p>\n<p>Em Alagoas, 78,05% da popula\u00e7\u00e3o tomou ao menos uma dose da vacina. Mas esse percentual cai muito quando s\u00e3o consideradas as doses seguintes.<\/p>\n<p>&nbsp;<\/p>\n<ul>\n<li><strong>1\u00aa dose: 78,05% (2.636.600 pessoas vacinadas)<\/strong><\/li>\n<li><strong>2\u00aa dose + dose \u00fanica: 69,57% (2.350.167 pessoas vacinadas)<\/strong><\/li>\n<li><strong>Dose de refor\u00e7o: 37,3% (1.260.019 pessoas vacinadas)<\/strong><\/li>\n<\/ul>\n<p>&nbsp;<\/p>\n<p>Os dados s\u00e3o do Cons\u00f3rcio de Imprensa, com base nas informa\u00e7\u00f5es fornecidas pela Secretaria da Sa\u00fade. Clique aqui para ver os dados dos demais estados.<\/p>\n<p>&nbsp;<\/p>\n<p>&nbsp;<\/p>\n<p>&nbsp;<\/p>\n<p><strong>por Cau Rodrigues, g1 AL<\/strong><\/p>\n<p>&nbsp;<\/p>\n","protected":false},"excerpt":{"rendered":"<p>Os casos conhecidos de pacientes com Covid em Alagoas se multiplicam neste fim de ano e obrigam \u00e0 manuten\u00e7\u00e3o dos cuidados para evitar o cont\u00e1gio pelo coronav\u00edrus. O boletim epidemiol\u00f3gico da Secretaria de Estado da Sa\u00fade (Sesau) divulgado neste s\u00e1bado (24) mostra os munic\u00edpios com as maiores taxas de infec\u00e7\u00e3o por 100 mil habitantes. &nbsp; &hellip;<\/p>\n","protected":false},"author":2,"featured_media":26323,"comment_status":"open","ping_status":"open","sticky":false,"template":"","format":"standard","meta":{"_jetpack_memberships_contains_paid_content":false,"footnotes":""},"categories":[4,1],"tags":[],"class_list":["post-26322","post","type-post","status-publish","format-standard","has-post-thumbnail","hentry","category-alagoas","category-destaque"],"jetpack_featured_media_url":"https:\/\/www.oparanews.com.br\/wp-content\/uploads\/2022\/12\/Sem-titulo.png","jetpack_sharing_enabled":true,"_links":{"self":[{"href":"https:\/\/www.oparanews.com.br\/index.php\/wp-json\/wp\/v2\/posts\/26322","targetHints":{"allow":["GET"]}}],"collection":[{"href":"https:\/\/www.oparanews.com.br\/index.php\/wp-json\/wp\/v2\/posts"}],"about":[{"href":"https:\/\/www.oparanews.com.br\/index.php\/wp-json\/wp\/v2\/types\/post"}],"author":[{"embeddable":true,"href":"https:\/\/www.oparanews.com.br\/index.php\/wp-json\/wp\/v2\/users\/2"}],"replies":[{"embeddable":true,"href":"https:\/\/www.oparanews.com.br\/index.php\/wp-json\/wp\/v2\/comments?post=26322"}],"version-history":[{"count":2,"href":"https:\/\/www.oparanews.com.br\/index.php\/wp-json\/wp\/v2\/posts\/26322\/revisions"}],"predecessor-version":[{"id":26325,"href":"https:\/\/www.oparanews.com.br\/index.php\/wp-json\/wp\/v2\/posts\/26322\/revisions\/26325"}],"wp:featuredmedia":[{"embeddable":true,"href":"https:\/\/www.oparanews.com.br\/index.php\/wp-json\/wp\/v2\/media\/26323"}],"wp:attachment":[{"href":"https:\/\/www.oparanews.com.br\/index.php\/wp-json\/wp\/v2\/media?parent=26322"}],"wp:term":[{"taxonomy":"category","embeddable":true,"href":"https:\/\/www.oparanews.com.br\/index.php\/wp-json\/wp\/v2\/categories?post=26322"},{"taxonomy":"post_tag","embeddable":true,"href":"https:\/\/www.oparanews.com.br\/index.php\/wp-json\/wp\/v2\/tags?post=26322"}],"curies":[{"name":"wp","href":"https:\/\/api.w.org\/{rel}","templated":true}]}}