{"id":26348,"date":"2022-12-26T10:38:39","date_gmt":"2022-12-26T13:38:39","guid":{"rendered":"https:\/\/www.oparanews.com.br\/?p=26348"},"modified":"2022-12-26T10:38:39","modified_gmt":"2022-12-26T13:38:39","slug":"avo-embriagado-esfaqueia-netos-durante-reuniao-de-familia-em-penedo","status":"publish","type":"post","link":"https:\/\/www.oparanews.com.br\/index.php\/2022\/12\/26\/avo-embriagado-esfaqueia-netos-durante-reuniao-de-familia-em-penedo\/","title":{"rendered":"Av\u00f4 embriagado esfaqueia netos durante reuni\u00e3o de fam\u00edlia em Penedo"},"content":{"rendered":"<p>Um homem de 83 anos foi preso ap\u00f3s esfaquear um neto e uma neta, nesse domingo (25\/12), no Povoado Tabuleiro, em Penedo. A fam\u00edlia estava reunida e o av\u00f4 embriagado amea\u00e7ou a todos e esfaqueou as v\u00edtimas.<\/p>\n<p>&nbsp;<\/p>\n<p>De acordo com as informa\u00e7\u00f5es divulgadas pela Pol\u00edcia Militar, as v\u00edtimas, uma mulher e um homem, que s\u00e3o irm\u00e3os e netos de cria\u00e7\u00e3o do agressor, relataram que todos estavam reunidos na casa do av\u00f4, quando o mesmo, embriagado, amea\u00e7ou a todos, e golpeou o homem, a irm\u00e3, na tentativa de interromper a briga, tamb\u00e9m foi golpeada.<\/p>\n<p>&nbsp;<\/p>\n<p>O idoso foi localizado e preso. Os irm\u00e3os foram encaminhados \u00e0 UPA de Penedo, e estavam internados na Ala Vermelha.<\/p>\n<p>&nbsp;<\/p>\n<p>&nbsp;<\/p>\n<p>&nbsp;<\/p>\n<p><strong>Fonte: NN1<\/strong><\/p>\n<p>&nbsp;<\/p>\n","protected":false},"excerpt":{"rendered":"<p>Um homem de 83 anos foi preso ap\u00f3s esfaquear um neto e uma neta, nesse domingo (25\/12), no Povoado Tabuleiro, em Penedo. A fam\u00edlia estava reunida e o av\u00f4 embriagado amea\u00e7ou a todos e esfaqueou as v\u00edtimas. &nbsp; De acordo com as informa\u00e7\u00f5es divulgadas pela Pol\u00edcia Militar, as v\u00edtimas, uma mulher e um homem, que &hellip;<\/p>\n","protected":false},"author":2,"featured_media":26349,"comment_status":"open","ping_status":"open","sticky":false,"template":"","format":"standard","meta":{"_jetpack_memberships_contains_paid_content":false,"footnotes":""},"categories":[1,3],"tags":[],"class_list":["post-26348","post","type-post","status-publish","format-standard","has-post-thumbnail","hentry","category-destaque","category-penedo"],"jetpack_featured_media_url":"https:\/\/www.oparanews.com.br\/wp-content\/uploads\/2022\/12\/UPA-Penedo.jpeg","jetpack_sharing_enabled":true,"_links":{"self":[{"href":"https:\/\/www.oparanews.com.br\/index.php\/wp-json\/wp\/v2\/posts\/26348","targetHints":{"allow":["GET"]}}],"collection":[{"href":"https:\/\/www.oparanews.com.br\/index.php\/wp-json\/wp\/v2\/posts"}],"about":[{"href":"https:\/\/www.oparanews.com.br\/index.php\/wp-json\/wp\/v2\/types\/post"}],"author":[{"embeddable":true,"href":"https:\/\/www.oparanews.com.br\/index.php\/wp-json\/wp\/v2\/users\/2"}],"replies":[{"embeddable":true,"href":"https:\/\/www.oparanews.com.br\/index.php\/wp-json\/wp\/v2\/comments?post=26348"}],"version-history":[{"count":1,"href":"https:\/\/www.oparanews.com.br\/index.php\/wp-json\/wp\/v2\/posts\/26348\/revisions"}],"predecessor-version":[{"id":26350,"href":"https:\/\/www.oparanews.com.br\/index.php\/wp-json\/wp\/v2\/posts\/26348\/revisions\/26350"}],"wp:featuredmedia":[{"embeddable":true,"href":"https:\/\/www.oparanews.com.br\/index.php\/wp-json\/wp\/v2\/media\/26349"}],"wp:attachment":[{"href":"https:\/\/www.oparanews.com.br\/index.php\/wp-json\/wp\/v2\/media?parent=26348"}],"wp:term":[{"taxonomy":"category","embeddable":true,"href":"https:\/\/www.oparanews.com.br\/index.php\/wp-json\/wp\/v2\/categories?post=26348"},{"taxonomy":"post_tag","embeddable":true,"href":"https:\/\/www.oparanews.com.br\/index.php\/wp-json\/wp\/v2\/tags?post=26348"}],"curies":[{"name":"wp","href":"https:\/\/api.w.org\/{rel}","templated":true}]}}