{"id":26379,"date":"2022-12-29T06:07:31","date_gmt":"2022-12-29T09:07:31","guid":{"rendered":"https:\/\/www.oparanews.com.br\/?p=26379"},"modified":"2022-12-29T06:07:31","modified_gmt":"2022-12-29T09:07:31","slug":"comandante-do-11o-bpm-ressalta-seguranca-para-festa-de-bom-jesus-de-penedo","status":"publish","type":"post","link":"https:\/\/www.oparanews.com.br\/index.php\/2022\/12\/29\/comandante-do-11o-bpm-ressalta-seguranca-para-festa-de-bom-jesus-de-penedo\/","title":{"rendered":"Comandante do 11\u00ba BPM ressalta seguran\u00e7a para Festa de Bom Jesus de Penedo"},"content":{"rendered":"<p>A estrutura da arena de shows da Festa de Bom Jesus dos Navegantes em Penedo j\u00e1 est\u00e1 sendo montada, espa\u00e7o visitado pelo comando do 11\u00ba Batalh\u00e3o de Pol\u00edcia Militar (BPM).<\/p>\n<p>&nbsp;<\/p>\n<p>O Tenente-Coronel Wagner Coutinho esteve no local na ter\u00e7a, 27, acompanhado de oficiais e da Secret\u00e1ria Municipal de Cultura Aliny Costa. Ele destacou o trabalho que visa garantir tranquilidade durante o evento, principalmente no espa\u00e7o situado na orla ribeirinha.<\/p>\n<p>&nbsp;<\/p>\n<p>\u201cA gente quer que todos participem com seguran\u00e7a\u201d, afirmou o comandante do 11\u00ba BPM que concedeu entrevistas \u00e0s emissoras de r\u00e1dio nesta quarta-feira, 28, explicando a necessidade dos tapumes e outras medidas preventivas.<\/p>\n<p>&nbsp;<\/p>\n<p>A estrutura instalada no cais dificulta a fuga de autores de furtos e outros tipos de crime, como tamb\u00e9m impede a passagem \u2013 de fora para dentro da arena \u2013 de armas e garrafas de vidro, por exemplo.<\/p>\n<p>&nbsp;<\/p>\n<p>\u201cToda a quest\u00e3o de seguran\u00e7a \u00e9 da Pol\u00edcia Militar porque o evento \u00e9 p\u00fablico e n\u00e3o estamos falando de um evento simples, mas de um que atrai milhares de pessoas\u201d, frisa o Ten Cel Coutinho, acrescentando que eventos do porte da Festa do Bom Jesus de Penedo tamb\u00e9m atraem quadrilhas especializadas em roubo de carro e telefone celular.<\/p>\n<p>&nbsp;<\/p>\n<p>Por isso, o refor\u00e7o no efetivo da PM j\u00e1 est\u00e1 garantido, mas tamb\u00e9m \u00e9 preciso que as pessoas colaborem, seja no espa\u00e7o destinado ao p\u00fablico, diante do palco, no camarote, no entorno da arena e na arquibancada, estrutura que ser\u00e1 montada no cais, com capacidade para cerca de 3.500 pessoas, em local pr\u00f3ximo do palco.<\/p>\n<p>&nbsp;<\/p>\n<p>\u201cN\u00f3s estamos preparando tudo com muito cuidado, recebendo esse apoio da Pol\u00edcia Militar e das for\u00e7as de seguran\u00e7a porque \u00e9 a maior festa religiosa de Alagoas, com programa\u00e7\u00e3o art\u00edstica e cultural durante os dias que antecedem a prociss\u00e3o do Glorioson Bom Jesus dos Navegantes\u201d, ressalta a Secret\u00e1ria Aliny Costa.<\/p>\n<p>&nbsp;<\/p>\n<p><a href=\"https:\/\/penedo.al.gov.br\/bom-jesus-2023\/\"><b>Confira aqui a programa\u00e7\u00e3o da Festa do Bom Jesus de Penedo 2023<\/b><\/a><\/p>\n<p>&nbsp;<\/p>\n<p>&nbsp;<\/p>\n<p><strong>Fonte: Secom PMP<\/strong><!--\/data\/user\/0\/com.samsung.android.app.notes\/files\/clipdata\/clipdata_bodytext_221229_060452_146.sdocx--><\/p>\n<p>&nbsp;<\/p>\n","protected":false},"excerpt":{"rendered":"<p>A estrutura da arena de shows da Festa de Bom Jesus dos Navegantes em Penedo j\u00e1 est\u00e1 sendo montada, espa\u00e7o visitado pelo comando do 11\u00ba Batalh\u00e3o de Pol\u00edcia Militar (BPM). &nbsp; O Tenente-Coronel Wagner Coutinho esteve no local na ter\u00e7a, 27, acompanhado de oficiais e da Secret\u00e1ria Municipal de Cultura Aliny Costa. Ele destacou o &hellip;<\/p>\n","protected":false},"author":2,"featured_media":26380,"comment_status":"open","ping_status":"open","sticky":false,"template":"","format":"standard","meta":{"_jetpack_memberships_contains_paid_content":false,"footnotes":""},"categories":[1,3],"tags":[],"class_list":["post-26379","post","type-post","status-publish","format-standard","has-post-thumbnail","hentry","category-destaque","category-penedo"],"jetpack_featured_media_url":"https:\/\/www.oparanews.com.br\/wp-content\/uploads\/2022\/12\/penedo-montagem-estrutura-bom-jesus-1068x532-1.jpg","jetpack_sharing_enabled":true,"_links":{"self":[{"href":"https:\/\/www.oparanews.com.br\/index.php\/wp-json\/wp\/v2\/posts\/26379","targetHints":{"allow":["GET"]}}],"collection":[{"href":"https:\/\/www.oparanews.com.br\/index.php\/wp-json\/wp\/v2\/posts"}],"about":[{"href":"https:\/\/www.oparanews.com.br\/index.php\/wp-json\/wp\/v2\/types\/post"}],"author":[{"embeddable":true,"href":"https:\/\/www.oparanews.com.br\/index.php\/wp-json\/wp\/v2\/users\/2"}],"replies":[{"embeddable":true,"href":"https:\/\/www.oparanews.com.br\/index.php\/wp-json\/wp\/v2\/comments?post=26379"}],"version-history":[{"count":1,"href":"https:\/\/www.oparanews.com.br\/index.php\/wp-json\/wp\/v2\/posts\/26379\/revisions"}],"predecessor-version":[{"id":26381,"href":"https:\/\/www.oparanews.com.br\/index.php\/wp-json\/wp\/v2\/posts\/26379\/revisions\/26381"}],"wp:featuredmedia":[{"embeddable":true,"href":"https:\/\/www.oparanews.com.br\/index.php\/wp-json\/wp\/v2\/media\/26380"}],"wp:attachment":[{"href":"https:\/\/www.oparanews.com.br\/index.php\/wp-json\/wp\/v2\/media?parent=26379"}],"wp:term":[{"taxonomy":"category","embeddable":true,"href":"https:\/\/www.oparanews.com.br\/index.php\/wp-json\/wp\/v2\/categories?post=26379"},{"taxonomy":"post_tag","embeddable":true,"href":"https:\/\/www.oparanews.com.br\/index.php\/wp-json\/wp\/v2\/tags?post=26379"}],"curies":[{"name":"wp","href":"https:\/\/api.w.org\/{rel}","templated":true}]}}