{"id":26389,"date":"2022-12-29T22:43:02","date_gmt":"2022-12-30T01:43:02","guid":{"rendered":"https:\/\/www.oparanews.com.br\/?p=26389"},"modified":"2022-12-29T22:43:02","modified_gmt":"2022-12-30T01:43:02","slug":"prefeito-ronaldo-lopes-informa-que-o-rateio-do-fundeb-da-semed-penedo-sera-maior-do-que-o-de-2021","status":"publish","type":"post","link":"https:\/\/www.oparanews.com.br\/index.php\/2022\/12\/29\/prefeito-ronaldo-lopes-informa-que-o-rateio-do-fundeb-da-semed-penedo-sera-maior-do-que-o-de-2021\/","title":{"rendered":"Prefeito Ronaldo Lopes informa que o rateio do Fundeb da Semed Penedo ser\u00e1 maior do que o de 2021"},"content":{"rendered":"<p>A distribui\u00e7\u00e3o do rateio 2022 do Fundeb para servidores da Educa\u00e7\u00e3o da Prefeitura de Penedo vai ultrapassar o valor pago em 2021, o maior da hist\u00f3ria do munic\u00edpio.<\/p>\n<p>&nbsp;<\/p>\n<p>O novo recorde na partilha do recurso est\u00e1 assegurado pelo Prefeito Ronaldo Lopes, gestor que aguarda o encerramento do ano para ter o resultado dos c\u00e1lculos financeiros, \u00faltimo passo para o an\u00fancio que ser\u00e1 feito no pr\u00f3ximo m\u00eas de janeiro.<\/p>\n<p>&nbsp;<\/p>\n<p>Em 2021, mais de seis milh\u00f5es de reais foram rateados para o pessoal da Secretaria Municipal de Educa\u00e7\u00e3o (Semed), junto com outro marco in\u00e9dito.<\/p>\n<p>&nbsp;<\/p>\n<p>Pela primeira vez, al\u00e9m dos professores, o rateio colocou mais dinheiro no bolso de outras categorias da Educa\u00e7\u00e3o, partilha que ser\u00e1 repetida com o valor deste ano.<\/p>\n<p>&nbsp;<\/p>\n<p>Isso significa um acr\u00e9scimo consider\u00e1vel de renda para auxiliares de sala, cuidadores, monitores, motoristas do transporte escolar, agentes administrativo, secret\u00e1rio escolar, nutricionistas, merendeiras, servi\u00e7os gerais e porteiros.<\/p>\n<p>&nbsp;<\/p>\n<p>&nbsp;<\/p>\n<p>&nbsp;<\/p>\n<p><strong>Fonte: Secom PMP<\/strong><\/p>\n<p>&nbsp;<\/p>\n","protected":false},"excerpt":{"rendered":"<p>A distribui\u00e7\u00e3o do rateio 2022 do Fundeb para servidores da Educa\u00e7\u00e3o da Prefeitura de Penedo vai ultrapassar o valor pago em 2021, o maior da hist\u00f3ria do munic\u00edpio. &nbsp; O novo recorde na partilha do recurso est\u00e1 assegurado pelo Prefeito Ronaldo Lopes, gestor que aguarda o encerramento do ano para ter o resultado dos c\u00e1lculos &hellip;<\/p>\n","protected":false},"author":2,"featured_media":26390,"comment_status":"open","ping_status":"open","sticky":false,"template":"","format":"standard","meta":{"_jetpack_memberships_contains_paid_content":false,"footnotes":""},"categories":[1,3],"tags":[],"class_list":["post-26389","post","type-post","status-publish","format-standard","has-post-thumbnail","hentry","category-destaque","category-penedo"],"jetpack_featured_media_url":"https:\/\/www.oparanews.com.br\/wp-content\/uploads\/2022\/12\/ronaldo-lopes-penedo.jpg","jetpack_sharing_enabled":true,"_links":{"self":[{"href":"https:\/\/www.oparanews.com.br\/index.php\/wp-json\/wp\/v2\/posts\/26389","targetHints":{"allow":["GET"]}}],"collection":[{"href":"https:\/\/www.oparanews.com.br\/index.php\/wp-json\/wp\/v2\/posts"}],"about":[{"href":"https:\/\/www.oparanews.com.br\/index.php\/wp-json\/wp\/v2\/types\/post"}],"author":[{"embeddable":true,"href":"https:\/\/www.oparanews.com.br\/index.php\/wp-json\/wp\/v2\/users\/2"}],"replies":[{"embeddable":true,"href":"https:\/\/www.oparanews.com.br\/index.php\/wp-json\/wp\/v2\/comments?post=26389"}],"version-history":[{"count":1,"href":"https:\/\/www.oparanews.com.br\/index.php\/wp-json\/wp\/v2\/posts\/26389\/revisions"}],"predecessor-version":[{"id":26391,"href":"https:\/\/www.oparanews.com.br\/index.php\/wp-json\/wp\/v2\/posts\/26389\/revisions\/26391"}],"wp:featuredmedia":[{"embeddable":true,"href":"https:\/\/www.oparanews.com.br\/index.php\/wp-json\/wp\/v2\/media\/26390"}],"wp:attachment":[{"href":"https:\/\/www.oparanews.com.br\/index.php\/wp-json\/wp\/v2\/media?parent=26389"}],"wp:term":[{"taxonomy":"category","embeddable":true,"href":"https:\/\/www.oparanews.com.br\/index.php\/wp-json\/wp\/v2\/categories?post=26389"},{"taxonomy":"post_tag","embeddable":true,"href":"https:\/\/www.oparanews.com.br\/index.php\/wp-json\/wp\/v2\/tags?post=26389"}],"curies":[{"name":"wp","href":"https:\/\/api.w.org\/{rel}","templated":true}]}}