{"id":26398,"date":"2022-12-30T11:50:24","date_gmt":"2022-12-30T14:50:24","guid":{"rendered":"https:\/\/www.oparanews.com.br\/?p=26398"},"modified":"2022-12-30T11:50:24","modified_gmt":"2022-12-30T14:50:24","slug":"penedo-se-consolida-como-destino-turistico-natalino","status":"publish","type":"post","link":"https:\/\/www.oparanews.com.br\/index.php\/2022\/12\/30\/penedo-se-consolida-como-destino-turistico-natalino\/","title":{"rendered":"Penedo se consolida como destino tur\u00edstico natalino"},"content":{"rendered":"<p>N\u00e3o \u00e9 novidade que Penedo se destaca por seu importante valor cultural e hist\u00f3rico. Neste ano, a cidade se consolidou, tamb\u00e9m, durante todo o m\u00eas de dezembro, como destino tur\u00edstico natalino.<\/p>\n<p>&nbsp;<\/p>\n<p>Al\u00e9m de uma linda decora\u00e7\u00e3o tem\u00e1tica nas ruas e avenidas do famoso Centro Hist\u00f3rico de Penedo, toda a popula\u00e7\u00e3o penedense e os turistas puderam contar com o Penedo Luz, festividade realizada com atra\u00e7\u00f5es art\u00edsticas gratuitas para todos os p\u00fablicos.<\/p>\n<p>&nbsp;<\/p>\n<p>O \u2018Penedo Luz\u2019 \u00e9 promovido pela Prefeitura de Penedo, atrav\u00e9s da Secretaria Municipal de Cultura, Lazer e Juventude (SEMCLEJ) e da Secretaria Municipal de Turismo (SETUR), que teve in\u00edcio no dia 02 de dezembro e se estendeu at\u00e9 a v\u00e9spera de Natal, 24 de dezembro.<\/p>\n<p><a href=\"http:\/\/www.oparanews.com.br\/wp-content\/uploads\/2022\/12\/penedo-luz-drone-1.jpg\"><img loading=\"lazy\" decoding=\"async\" class=\"aligncenter size-full wp-image-26399\" src=\"http:\/\/www.oparanews.com.br\/wp-content\/uploads\/2022\/12\/penedo-luz-drone-1.jpg\" alt=\"\" width=\"1024\" height=\"682\" srcset=\"https:\/\/www.oparanews.com.br\/wp-content\/uploads\/2022\/12\/penedo-luz-drone-1.jpg 1024w, https:\/\/www.oparanews.com.br\/wp-content\/uploads\/2022\/12\/penedo-luz-drone-1-300x200.jpg 300w, https:\/\/www.oparanews.com.br\/wp-content\/uploads\/2022\/12\/penedo-luz-drone-1-768x512.jpg 768w\" sizes=\"auto, (max-width: 1024px) 100vw, 1024px\" \/><\/a><\/p>\n<p>Shows com artistas locais e outras atra\u00e7\u00f5es abriram o calend\u00e1rio do Penedo Luz na Pra\u00e7a 12 de Abril. O p\u00fablico se divertiu com as apresenta\u00e7\u00f5es de T\u00falio Gon\u00e7alves e Maxylene Cruz.<\/p>\n<p>&nbsp;<\/p>\n<p>No palco, tamb\u00e9m passaram bandas como Vibra\u00e7\u00f5es, Louko Romance, Lu\u00eds Morall, Deivinho Playboy, Omegazord, Willy Vaqueiro, Nosso Jeito, Neguinho do Piseiro, Elaine Nascimento e Bruninho. O p\u00fablico infantil tamb\u00e9m p\u00f4de se divertir com anima\u00e7\u00e3o do Palha\u00e7o Hulkinho.<\/p>\n<p>&nbsp;<\/p>\n<p>A nova orla do Barro Vermelho tamb\u00e9m recebeu atra\u00e7\u00f5es musicais e culturais por meio do projeto P\u00f4r do Sol, uma parceria da Prefeitura de Penedo e do Governo de Alagoas. A quadrilha junina do Mestre Zinho, Marcella Peixoto e Igbonan Rocha com a banda Samba de N\u00eago animaram o p\u00fablico no bairro Santo Ant\u00f4nio.<\/p>\n<p><a href=\"http:\/\/www.oparanews.com.br\/wp-content\/uploads\/2022\/12\/penedo-luz-por-do-sol-foto-secult-alagoas-10-696x464-1.jpeg\"><img loading=\"lazy\" decoding=\"async\" class=\"aligncenter size-full wp-image-26400\" src=\"http:\/\/www.oparanews.com.br\/wp-content\/uploads\/2022\/12\/penedo-luz-por-do-sol-foto-secult-alagoas-10-696x464-1.jpeg\" alt=\"\" width=\"696\" height=\"464\" srcset=\"https:\/\/www.oparanews.com.br\/wp-content\/uploads\/2022\/12\/penedo-luz-por-do-sol-foto-secult-alagoas-10-696x464-1.jpeg 696w, https:\/\/www.oparanews.com.br\/wp-content\/uploads\/2022\/12\/penedo-luz-por-do-sol-foto-secult-alagoas-10-696x464-1-300x200.jpeg 300w\" sizes=\"auto, (max-width: 696px) 100vw, 696px\" \/><\/a><\/p>\n<p>A 20\u00aa edi\u00e7\u00e3o do Festival de Coros tamb\u00e9m encantou a toda popula\u00e7\u00e3o penedense. Nos dias 09 e 10 de dezembro, 16 grupos de Penedo, Macei\u00f3, Recife e Aracaju se apresentaram no Largo de S\u00e3o Gon\u00e7alo, no Centro Hist\u00f3rico de Penedo.<\/p>\n<p>&nbsp;<\/p>\n<p>O p\u00fablico p\u00f4de conferir de perto, al\u00e9m de lindas vozes, um repert\u00f3rio com m\u00fasicas sacras, natalinas, do folclore brasileiro e can\u00e7\u00f5es populares.<\/p>\n<p>&nbsp;<\/p>\n<p>No dia 14 de dezembro, uma multid\u00e3o foi at\u00e9 a orla do Centro Hist\u00f3rico de Penedo para prestigiar a Parada Natalina, com a chegada t\u00e3o desejada e aguardada do Papai Noel. Neste ano, ele chegou de uma forma especial: em um barco decorado, pelas \u00e1guas do Rio S\u00e3o Francisco.<\/p>\n<p>&nbsp;<\/p>\n<p>O Bom Velhinho desembarcou no Porto das Balsas, acompanhado de muita m\u00fasica e alegria, percorrendo em seguida a orla ribeirinha em um mini trio el\u00e9trico, juntamente com a banda fanfarra F\u00eanix de Penedo, e foi para a sua casinha, instalada na Pra\u00e7a 12 de Abril, onde posou para fotos e atendeu a crian\u00e7ada.<\/p>\n<p><a href=\"http:\/\/www.oparanews.com.br\/wp-content\/uploads\/2022\/12\/penedo-luz-2022-11-1068x601-1.jpeg\"><img loading=\"lazy\" decoding=\"async\" class=\"aligncenter size-full wp-image-26401\" src=\"http:\/\/www.oparanews.com.br\/wp-content\/uploads\/2022\/12\/penedo-luz-2022-11-1068x601-1.jpeg\" alt=\"\" width=\"1068\" height=\"601\" srcset=\"https:\/\/www.oparanews.com.br\/wp-content\/uploads\/2022\/12\/penedo-luz-2022-11-1068x601-1.jpeg 1068w, https:\/\/www.oparanews.com.br\/wp-content\/uploads\/2022\/12\/penedo-luz-2022-11-1068x601-1-300x169.jpeg 300w, https:\/\/www.oparanews.com.br\/wp-content\/uploads\/2022\/12\/penedo-luz-2022-11-1068x601-1-1024x576.jpeg 1024w, https:\/\/www.oparanews.com.br\/wp-content\/uploads\/2022\/12\/penedo-luz-2022-11-1068x601-1-768x432.jpeg 768w, https:\/\/www.oparanews.com.br\/wp-content\/uploads\/2022\/12\/penedo-luz-2022-11-1068x601-1-390x220.jpeg 390w\" sizes=\"auto, (max-width: 1068px) 100vw, 1068px\" \/><\/a><\/p>\n<p>Aliny Costa, secret\u00e1ria de Cultura, Lazer e Juventude, disse que o Penedo Luz \u00e9 um dos eventos mais aguardados do calend\u00e1rio anual da cidade e que a edi\u00e7\u00e3o 2022 superou todas as expectativas.<\/p>\n<p>&nbsp;<\/p>\n<p>\u201c\u00c9 com muita alegria que afirmo que a edi\u00e7\u00e3o deste ano superou todas as expectativas. O m\u00eas de dezembro foi especial, iluminado, valorizou os artistas da terra, com elementos que caracterizavam as ra\u00edzes da nossa cultura, e que enriqueceram o nosso patrim\u00f4nio hist\u00f3rico com muita excel\u00eancia\u201d, afirma a gestora da SEMCLEJ.<\/p>\n<p>&nbsp;<\/p>\n<p>E as novidades do Penedo Luz n\u00e3o pararam por a\u00ed, n\u00e3o. Entre os dias 15 e 19 de dezembro, mais de 700 alunos da rede p\u00fablica municipal de ensino participaram do projeto Papai Noel no Barco uma parceria das secretarias de Educa\u00e7\u00e3o, Turismo e Cultura.<\/p>\n<p><a href=\"http:\/\/www.oparanews.com.br\/wp-content\/uploads\/2022\/12\/penedo-luz-2022-6-1068x601-1.jpeg\"><img loading=\"lazy\" decoding=\"async\" class=\"aligncenter size-full wp-image-26402\" src=\"http:\/\/www.oparanews.com.br\/wp-content\/uploads\/2022\/12\/penedo-luz-2022-6-1068x601-1.jpeg\" alt=\"\" width=\"1068\" height=\"601\" srcset=\"https:\/\/www.oparanews.com.br\/wp-content\/uploads\/2022\/12\/penedo-luz-2022-6-1068x601-1.jpeg 1068w, https:\/\/www.oparanews.com.br\/wp-content\/uploads\/2022\/12\/penedo-luz-2022-6-1068x601-1-300x169.jpeg 300w, https:\/\/www.oparanews.com.br\/wp-content\/uploads\/2022\/12\/penedo-luz-2022-6-1068x601-1-1024x576.jpeg 1024w, https:\/\/www.oparanews.com.br\/wp-content\/uploads\/2022\/12\/penedo-luz-2022-6-1068x601-1-768x432.jpeg 768w, https:\/\/www.oparanews.com.br\/wp-content\/uploads\/2022\/12\/penedo-luz-2022-6-1068x601-1-390x220.jpeg 390w\" sizes=\"auto, (max-width: 1068px) 100vw, 1068px\" \/><\/a><\/p>\n<p>Enquanto passeavam no barco tem\u00e1tico, os estudantes se divertiam com brincadeiras, m\u00fasicas natalinas e aproveitaram a oportunidade para bater um super papo com o Bom Velhinho.<\/p>\n<p>&nbsp;<\/p>\n<p>Teve quem pediu presente, deu abra\u00e7o afetuoso ou, at\u00e9 mesmo, registrou, com fotos e v\u00eddeos, o momento \u00fanico e especial. Al\u00e9m de crian\u00e7as e adolescentes, o projeto Papai Noel no Barco tamb\u00e9m incluiu os estudantes da Educa\u00e7\u00e3o de Jovens e Adultos (EJA).<\/p>\n<p>&nbsp;<\/p>\n<p>Outra atra\u00e7\u00e3o que surpreendeu e encantou a todos foi a proje\u00e7\u00e3o mapeada na fachada principal da Prefeitura Municipal de Penedo, nos dias 15 e 16 de dezembro. O espet\u00e1culo, que deixou o p\u00fablico maravilhado, retratou a hist\u00f3ria de Penedo, a cultura do estado de Alagoas, al\u00e9m de ter mostrado mensagens de f\u00e9 e amor.<\/p>\n<p>&nbsp;<\/p>\n<p>No dia 18 de dezembro, foi a vez da segunda Parada Natalina, que teve in\u00edcio na Pra\u00e7a J\u00e1come Calheiros e percorreu todo o Centro Hist\u00f3rico de Penedo. O p\u00fablico p\u00f4de prestigiar a Banda Municipal Jorge Souza Nascimento, o desfile com o Papai Noel e o espet\u00e1culo natalino do grupo cultural Tradi\u00e7\u00e3o.<\/p>\n<p><a href=\"http:\/\/www.oparanews.com.br\/wp-content\/uploads\/2022\/12\/penedo-luz-papai-noel-foto-deywisson-duarte-20-696x464-1.jpeg\"><img loading=\"lazy\" decoding=\"async\" class=\"aligncenter size-full wp-image-26403\" src=\"http:\/\/www.oparanews.com.br\/wp-content\/uploads\/2022\/12\/penedo-luz-papai-noel-foto-deywisson-duarte-20-696x464-1.jpeg\" alt=\"\" width=\"696\" height=\"464\" srcset=\"https:\/\/www.oparanews.com.br\/wp-content\/uploads\/2022\/12\/penedo-luz-papai-noel-foto-deywisson-duarte-20-696x464-1.jpeg 696w, https:\/\/www.oparanews.com.br\/wp-content\/uploads\/2022\/12\/penedo-luz-papai-noel-foto-deywisson-duarte-20-696x464-1-300x200.jpeg 300w\" sizes=\"auto, (max-width: 696px) 100vw, 696px\" \/><\/a><\/p>\n<p>Na Pra\u00e7a 12 de Abril, a anima\u00e7\u00e3o ficou por conta da Rikielly Souza, Neguinho do Piseiro e do Grupo Nosso Jeito.<\/p>\n<p>&nbsp;<\/p>\n<p>A Igreja e Catedral Nossa Senhora do Ros\u00e1rio foi palco do Concerto de Natal, apresentado pela Orquestra Filarm\u00f4nica de Alagoas e a Orquestra da Sociedade Montepio dos Artistas de Penedo.<\/p>\n<p>&nbsp;<\/p>\n<p>O evento realizado em 21 de dezembro contou com um repert\u00f3rio de m\u00fasicas natalinas, incluindo as tradicionais Ave Maria e Jesus Alegria dos Homens, al\u00e9m de outros cl\u00e1ssicos.<\/p>\n<p>&nbsp;<\/p>\n<p>Fechando a programa\u00e7\u00e3o do \u2018Penedo Luz\u2019 e deixando o Theatro Sete de Setembro ainda mais especial, saxofonistas se apresentaram na sacada nos dias 21, 22, 23 e 24. Com um repert\u00f3rio de m\u00fasicas conhecidas, o p\u00fablico que estava no com\u00e9rcio de Penedo p\u00f4de prestigiar a atra\u00e7\u00e3o.<\/p>\n<p><a href=\"http:\/\/www.oparanews.com.br\/wp-content\/uploads\/2022\/12\/WhatsApp-Image-2022-12-23-at-12.45.54-e1671810495470-696x698-1.jpeg\"><img loading=\"lazy\" decoding=\"async\" class=\"aligncenter size-full wp-image-26404\" src=\"http:\/\/www.oparanews.com.br\/wp-content\/uploads\/2022\/12\/WhatsApp-Image-2022-12-23-at-12.45.54-e1671810495470-696x698-1.jpeg\" alt=\"\" width=\"696\" height=\"698\" srcset=\"https:\/\/www.oparanews.com.br\/wp-content\/uploads\/2022\/12\/WhatsApp-Image-2022-12-23-at-12.45.54-e1671810495470-696x698-1.jpeg 696w, https:\/\/www.oparanews.com.br\/wp-content\/uploads\/2022\/12\/WhatsApp-Image-2022-12-23-at-12.45.54-e1671810495470-696x698-1-300x300.jpeg 300w, https:\/\/www.oparanews.com.br\/wp-content\/uploads\/2022\/12\/WhatsApp-Image-2022-12-23-at-12.45.54-e1671810495470-696x698-1-150x150.jpeg 150w\" sizes=\"auto, (max-width: 696px) 100vw, 696px\" \/><\/a><\/p>\n<p>\u201c\u00c9 com muito orgulho que transmito a sensa\u00e7\u00e3o de dever cumprido, em nome da Secretaria de Cultura e de todos os parceiros envolvidos. Sempre agradecendo e sem esquecer do nosso prefeito Ronaldo Lopes que proporcionou esse momento que destaca a nossa cultura, agrega positivamente na economia da cidade e investe no turismo atrav\u00e9s da integra\u00e7\u00e3o entre o poder p\u00fablico e a comunidade\u201d, conclui Aliny.<\/p>\n<p>&nbsp;<\/p>\n<p>\u201cO Penedo Luz deste ano foi lindo e ficamos muito felizes e agradecidos com toda a repercuss\u00e3o e aceita\u00e7\u00e3o. Com uma programa\u00e7\u00e3o vasta, gratuita e para todos os gostos e p\u00fablicos, Penedo conquista cada vez mais o seu lugar como destino tur\u00edstico natalino. A cidade ganha e o turismo tamb\u00e9m, pois a economia \u00e9 movimentada, por meio da gera\u00e7\u00e3o de emprego e renda. Ano que vem vamos continuar trabalhando forte para fazer com que o per\u00edodo natalino na cidade seja ainda melhor e especial\u201d, finaliza Jair Galv\u00e3o.<\/p>\n<p>&nbsp;<\/p>\n<p>&nbsp;<\/p>\n<p>&nbsp;<\/p>\n<p>&nbsp;<\/p>\n<p><strong>Fonte: Secom PMP<\/strong><\/p>\n<p>&nbsp;<\/p>\n","protected":false},"excerpt":{"rendered":"<p>N\u00e3o \u00e9 novidade que Penedo se destaca por seu importante valor cultural e hist\u00f3rico. Neste ano, a cidade se consolidou, tamb\u00e9m, durante todo o m\u00eas de dezembro, como destino tur\u00edstico natalino. &nbsp; Al\u00e9m de uma linda decora\u00e7\u00e3o tem\u00e1tica nas ruas e avenidas do famoso Centro Hist\u00f3rico de Penedo, toda a popula\u00e7\u00e3o penedense e os turistas &hellip;<\/p>\n","protected":false},"author":2,"featured_media":26405,"comment_status":"open","ping_status":"open","sticky":false,"template":"","format":"standard","meta":{"_jetpack_memberships_contains_paid_content":false,"footnotes":""},"categories":[1,3],"tags":[],"class_list":["post-26398","post","type-post","status-publish","format-standard","has-post-thumbnail","hentry","category-destaque","category-penedo"],"jetpack_featured_media_url":"https:\/\/www.oparanews.com.br\/wp-content\/uploads\/2022\/12\/penedo-luz-2022.jpg","jetpack_sharing_enabled":true,"_links":{"self":[{"href":"https:\/\/www.oparanews.com.br\/index.php\/wp-json\/wp\/v2\/posts\/26398","targetHints":{"allow":["GET"]}}],"collection":[{"href":"https:\/\/www.oparanews.com.br\/index.php\/wp-json\/wp\/v2\/posts"}],"about":[{"href":"https:\/\/www.oparanews.com.br\/index.php\/wp-json\/wp\/v2\/types\/post"}],"author":[{"embeddable":true,"href":"https:\/\/www.oparanews.com.br\/index.php\/wp-json\/wp\/v2\/users\/2"}],"replies":[{"embeddable":true,"href":"https:\/\/www.oparanews.com.br\/index.php\/wp-json\/wp\/v2\/comments?post=26398"}],"version-history":[{"count":1,"href":"https:\/\/www.oparanews.com.br\/index.php\/wp-json\/wp\/v2\/posts\/26398\/revisions"}],"predecessor-version":[{"id":26406,"href":"https:\/\/www.oparanews.com.br\/index.php\/wp-json\/wp\/v2\/posts\/26398\/revisions\/26406"}],"wp:featuredmedia":[{"embeddable":true,"href":"https:\/\/www.oparanews.com.br\/index.php\/wp-json\/wp\/v2\/media\/26405"}],"wp:attachment":[{"href":"https:\/\/www.oparanews.com.br\/index.php\/wp-json\/wp\/v2\/media?parent=26398"}],"wp:term":[{"taxonomy":"category","embeddable":true,"href":"https:\/\/www.oparanews.com.br\/index.php\/wp-json\/wp\/v2\/categories?post=26398"},{"taxonomy":"post_tag","embeddable":true,"href":"https:\/\/www.oparanews.com.br\/index.php\/wp-json\/wp\/v2\/tags?post=26398"}],"curies":[{"name":"wp","href":"https:\/\/api.w.org\/{rel}","templated":true}]}}