{"id":26431,"date":"2023-01-02T10:43:07","date_gmt":"2023-01-02T13:43:07","guid":{"rendered":"https:\/\/www.oparanews.com.br\/?p=26431"},"modified":"2023-01-02T10:43:07","modified_gmt":"2023-01-02T13:43:07","slug":"smtt-penedo-informa-mudancas-no-transporte-coletivo-durante-os-festejos-de-bom-jesus","status":"publish","type":"post","link":"https:\/\/www.oparanews.com.br\/index.php\/2023\/01\/02\/smtt-penedo-informa-mudancas-no-transporte-coletivo-durante-os-festejos-de-bom-jesus\/","title":{"rendered":"SMTT Penedo informa mudan\u00e7as no transporte coletivo durante os festejos de Bom Jesus"},"content":{"rendered":"<p>A Superintend\u00eancia Municipal de Transporte e Tr\u00e2nsito (SMTT) da Prefeitura de Penedo informa duas altera\u00e7\u00f5es relacionadas ao transporte coletivo durante os festejos alusivos ao Glorioso Bom Jesus dos Navegantes.<\/p>\n<p>&nbsp;<\/p>\n<p>A primeira mudan\u00e7a entra em vigor nessa ter\u00e7a-feira, 03, e diz respeito ao principal ponto de embarque e desembarque localizado no Centro Hist\u00f3rico. As linhas que circulam na \u00e1rea urbana de Penedo ir\u00e3o parar na Pra\u00e7a 12 de Abril at\u00e9 segunda-feira, 09 de janeiro.<\/p>\n<p>&nbsp;<\/p>\n<p>A outra medida que tamb\u00e9m \u00e9 adotada durante a realiza\u00e7\u00e3o de eventos de grande porte em Penedo traz o ponto de embarque e desembarque dos passageiros das linhas intermunicipais para as imedia\u00e7\u00f5es da Escola Estadual Gabino Besouro a partir de quinta-feira, 05, at\u00e9 segunda, 09.<\/p>\n<p>&nbsp;<\/p>\n<p><a href=\"https:\/\/penedo.al.gov.br\/bom-jesus-2023\/\"><strong>Confira aqui a programa\u00e7\u00e3o completa da Festa de Bom Jesus de Penedo 2023<\/strong><\/a><\/p>\n<p>&nbsp;<\/p>\n<p>&nbsp;<\/p>\n<p>&nbsp;<\/p>\n<p><strong>Fonte: Secom PMP<\/strong><\/p>\n<p>&nbsp;<\/p>\n","protected":false},"excerpt":{"rendered":"<p>A Superintend\u00eancia Municipal de Transporte e Tr\u00e2nsito (SMTT) da Prefeitura de Penedo informa duas altera\u00e7\u00f5es relacionadas ao transporte coletivo durante os festejos alusivos ao Glorioso Bom Jesus dos Navegantes. &nbsp; A primeira mudan\u00e7a entra em vigor nessa ter\u00e7a-feira, 03, e diz respeito ao principal ponto de embarque e desembarque localizado no Centro Hist\u00f3rico. As linhas &hellip;<\/p>\n","protected":false},"author":2,"featured_media":26355,"comment_status":"open","ping_status":"open","sticky":false,"template":"","format":"standard","meta":{"_jetpack_memberships_contains_paid_content":false,"footnotes":""},"categories":[1,3],"tags":[],"class_list":["post-26431","post","type-post","status-publish","format-standard","has-post-thumbnail","hentry","category-destaque","category-penedo"],"jetpack_featured_media_url":"https:\/\/www.oparanews.com.br\/wp-content\/uploads\/2022\/12\/transporte-coletivo-penedo.jpg","jetpack_sharing_enabled":true,"_links":{"self":[{"href":"https:\/\/www.oparanews.com.br\/index.php\/wp-json\/wp\/v2\/posts\/26431","targetHints":{"allow":["GET"]}}],"collection":[{"href":"https:\/\/www.oparanews.com.br\/index.php\/wp-json\/wp\/v2\/posts"}],"about":[{"href":"https:\/\/www.oparanews.com.br\/index.php\/wp-json\/wp\/v2\/types\/post"}],"author":[{"embeddable":true,"href":"https:\/\/www.oparanews.com.br\/index.php\/wp-json\/wp\/v2\/users\/2"}],"replies":[{"embeddable":true,"href":"https:\/\/www.oparanews.com.br\/index.php\/wp-json\/wp\/v2\/comments?post=26431"}],"version-history":[{"count":1,"href":"https:\/\/www.oparanews.com.br\/index.php\/wp-json\/wp\/v2\/posts\/26431\/revisions"}],"predecessor-version":[{"id":26432,"href":"https:\/\/www.oparanews.com.br\/index.php\/wp-json\/wp\/v2\/posts\/26431\/revisions\/26432"}],"wp:featuredmedia":[{"embeddable":true,"href":"https:\/\/www.oparanews.com.br\/index.php\/wp-json\/wp\/v2\/media\/26355"}],"wp:attachment":[{"href":"https:\/\/www.oparanews.com.br\/index.php\/wp-json\/wp\/v2\/media?parent=26431"}],"wp:term":[{"taxonomy":"category","embeddable":true,"href":"https:\/\/www.oparanews.com.br\/index.php\/wp-json\/wp\/v2\/categories?post=26431"},{"taxonomy":"post_tag","embeddable":true,"href":"https:\/\/www.oparanews.com.br\/index.php\/wp-json\/wp\/v2\/tags?post=26431"}],"curies":[{"name":"wp","href":"https:\/\/api.w.org\/{rel}","templated":true}]}}