{"id":26454,"date":"2023-01-05T12:19:05","date_gmt":"2023-01-05T15:19:05","guid":{"rendered":"https:\/\/www.oparanews.com.br\/?p=26454"},"modified":"2023-01-05T12:19:51","modified_gmt":"2023-01-05T15:19:51","slug":"secretaria-de-saude-de-penedo-promove-acoes-educativas-durante-festejos-de-bom-jesus","status":"publish","type":"post","link":"https:\/\/www.oparanews.com.br\/index.php\/2023\/01\/05\/secretaria-de-saude-de-penedo-promove-acoes-educativas-durante-festejos-de-bom-jesus\/","title":{"rendered":"Secretaria de Sa\u00fade de Penedo promove a\u00e7\u00f5es educativas durante festejos de Bom Jesus"},"content":{"rendered":"<p>A festa de Bom Jesus dos Navegantes em Penedo recebe milhares de pessoas que ir\u00e3o prestigiar os festejos religiosos e as atra\u00e7\u00f5es musicais que come\u00e7am nesta quinta-feira (5).<\/p>\n<p>&nbsp;<\/p>\n<p>Por isso, a Prefeitura de Penedo, atrav\u00e9s da Secretaria Municipal da Sa\u00fade (SEMS), realizar\u00e1 diversas a\u00e7\u00f5es de promo\u00e7\u00e3o \u00e0 sa\u00fade.<\/p>\n<p>&nbsp;<\/p>\n<p>Durante o dia, ser\u00e3o realizadas blitz educacionais levando informa\u00e7\u00f5es para todos os motoristas. J\u00e1 a noite, perto da arena dos shows, haver\u00e1 distribui\u00e7\u00e3o de preservativos e a\u00e7\u00f5es de conscientiza\u00e7\u00e3o para as pessoas curtirem a festa com mais seguran\u00e7a.<\/p>\n<p>&nbsp;<\/p>\n<p>A Vigil\u00e2ncia Sanit\u00e1ria da SEMS Penedo tamb\u00e9m estar\u00e1 presente na festa realizando a fiscaliza\u00e7\u00e3o das barracas que comercializar\u00e3o comidas e analisar\u00e1 se est\u00e3o seguindo as recomenda\u00e7\u00f5es de higiene e seguran\u00e7a.<\/p>\n<p>&nbsp;<\/p>\n<p>A SEMS tamb\u00e9m ter\u00e1 equipe de plant\u00e3o no estande localizado ao lado das arquibancadas para realizar atendimentos de urg\u00eancia e emerg\u00eancia durante todo a festa de Bom Jesus dos Navegantes.<\/p>\n<p>&nbsp;<\/p>\n<p>\u201cOs pacientes que precisarem de atendimento mais complexo ser\u00e3o direcionados para a UPA do nosso munic\u00edpio e tamb\u00e9m estaremos com nossas equipes das unidades de suporte b\u00e1sico e avan\u00e7ado do SAMU \u00e0 disposi\u00e7\u00e3o para as demais ocorr\u00eancias\u201d, informa a diretora da UPA Penedo, Camylla Gouveia.<\/p>\n<p><a href=\"http:\/\/www.oparanews.com.br\/wp-content\/uploads\/2023\/01\/estande-saude-696x870-1.jpg\"><img loading=\"lazy\" decoding=\"async\" class=\"aligncenter size-full wp-image-26456\" src=\"http:\/\/www.oparanews.com.br\/wp-content\/uploads\/2023\/01\/estande-saude-696x870-1.jpg\" alt=\"\" width=\"696\" height=\"870\" srcset=\"https:\/\/www.oparanews.com.br\/wp-content\/uploads\/2023\/01\/estande-saude-696x870-1.jpg 696w, https:\/\/www.oparanews.com.br\/wp-content\/uploads\/2023\/01\/estande-saude-696x870-1-240x300.jpg 240w\" sizes=\"auto, (max-width: 696px) 100vw, 696px\" \/><\/a><\/p>\n<p>&nbsp;<\/p>\n<p>&nbsp;<\/p>\n<p>&nbsp;<\/p>\n<p><strong>Fonte: Assessoria SEMS<\/strong><\/p>\n<p>&nbsp;<\/p>\n","protected":false},"excerpt":{"rendered":"<p>A festa de Bom Jesus dos Navegantes em Penedo recebe milhares de pessoas que ir\u00e3o prestigiar os festejos religiosos e as atra\u00e7\u00f5es musicais que come\u00e7am nesta quinta-feira (5). &nbsp; Por isso, a Prefeitura de Penedo, atrav\u00e9s da Secretaria Municipal da Sa\u00fade (SEMS), realizar\u00e1 diversas a\u00e7\u00f5es de promo\u00e7\u00e3o \u00e0 sa\u00fade. &nbsp; Durante o dia, ser\u00e3o realizadas &hellip;<\/p>\n","protected":false},"author":2,"featured_media":26455,"comment_status":"open","ping_status":"open","sticky":false,"template":"","format":"standard","meta":{"_jetpack_memberships_contains_paid_content":false,"footnotes":""},"categories":[1,3],"tags":[],"class_list":["post-26454","post","type-post","status-publish","format-standard","has-post-thumbnail","hentry","category-destaque","category-penedo"],"jetpack_featured_media_url":"https:\/\/www.oparanews.com.br\/wp-content\/uploads\/2023\/01\/bom-jesus-penedo-2022-divulgacao-13-1.jpg","jetpack_sharing_enabled":true,"_links":{"self":[{"href":"https:\/\/www.oparanews.com.br\/index.php\/wp-json\/wp\/v2\/posts\/26454","targetHints":{"allow":["GET"]}}],"collection":[{"href":"https:\/\/www.oparanews.com.br\/index.php\/wp-json\/wp\/v2\/posts"}],"about":[{"href":"https:\/\/www.oparanews.com.br\/index.php\/wp-json\/wp\/v2\/types\/post"}],"author":[{"embeddable":true,"href":"https:\/\/www.oparanews.com.br\/index.php\/wp-json\/wp\/v2\/users\/2"}],"replies":[{"embeddable":true,"href":"https:\/\/www.oparanews.com.br\/index.php\/wp-json\/wp\/v2\/comments?post=26454"}],"version-history":[{"count":2,"href":"https:\/\/www.oparanews.com.br\/index.php\/wp-json\/wp\/v2\/posts\/26454\/revisions"}],"predecessor-version":[{"id":26458,"href":"https:\/\/www.oparanews.com.br\/index.php\/wp-json\/wp\/v2\/posts\/26454\/revisions\/26458"}],"wp:featuredmedia":[{"embeddable":true,"href":"https:\/\/www.oparanews.com.br\/index.php\/wp-json\/wp\/v2\/media\/26455"}],"wp:attachment":[{"href":"https:\/\/www.oparanews.com.br\/index.php\/wp-json\/wp\/v2\/media?parent=26454"}],"wp:term":[{"taxonomy":"category","embeddable":true,"href":"https:\/\/www.oparanews.com.br\/index.php\/wp-json\/wp\/v2\/categories?post=26454"},{"taxonomy":"post_tag","embeddable":true,"href":"https:\/\/www.oparanews.com.br\/index.php\/wp-json\/wp\/v2\/tags?post=26454"}],"curies":[{"name":"wp","href":"https:\/\/api.w.org\/{rel}","templated":true}]}}