{"id":26534,"date":"2023-01-06T17:51:15","date_gmt":"2023-01-06T20:51:15","guid":{"rendered":"https:\/\/www.oparanews.com.br\/?p=26534"},"modified":"2023-01-06T17:58:37","modified_gmt":"2023-01-06T20:58:37","slug":"secretaria-de-educacao-de-penedo-lanca-processo-seletivo-simplificado-2023","status":"publish","type":"post","link":"https:\/\/www.oparanews.com.br\/index.php\/2023\/01\/06\/secretaria-de-educacao-de-penedo-lanca-processo-seletivo-simplificado-2023\/","title":{"rendered":"Secretaria de Educa\u00e7\u00e3o de Penedo lan\u00e7a Processo Seletivo Simplificado 2023"},"content":{"rendered":"<p>A Secretaria Municipal de Educa\u00e7\u00e3o (Semed) da Prefeitura de Penedo abre inscri\u00e7\u00e3o para Processo Seletivo Simplificado (PSS) a partir de ter\u00e7a-feira, 10 de janeiro.<\/p>\n<p>&nbsp;<\/p>\n<p>O PSS que visa o preenchimento de vagas \u00e9 necess\u00e1rio para iniciar o ano letivo 2023, no pr\u00f3ximo m\u00eas de fevereiro, quando tamb\u00e9m ocorrem as provas objetivas do concurso p\u00fablico lan\u00e7ado pela Prefeitura de Penedo.<\/p>\n<p>&nbsp;<\/p>\n<p>Considerando as regras do certame suspenso pela pandemia de Covid-19, se faz necess\u00e1rio a realiza\u00e7\u00e3o do PSS cujo prazo de inscri\u00e7\u00e3o termina na quinta-feira, 12.<\/p>\n<p>&nbsp;<\/p>\n<p>O edital do PSS 2023 da Semed publicado nesta sexta-feira, 06, prev\u00ea que, ap\u00f3s a realiza\u00e7\u00e3o do concurso e sua homologa\u00e7\u00e3o, os contratados assinar\u00e3o distrato para que o servidor aprovado disponha da sua vaga.<\/p>\n<p>&nbsp;<\/p>\n<p>A rescis\u00e3o seguir\u00e1 ordem decrescente, ou seja, do \u00faltimo que foi convocado no Processo Seletivo 01\/2023 ao primeiro colocado, para que o servidor efetivo assuma sua vaga.<\/p>\n<p>&nbsp;<\/p>\n<p>O local de inscri\u00e7\u00e3o para o PSS 2023 da Semed Penedo \u00e9 a antiga Unidade Senai, situada na Avenida Wanderley, onde a Escola Municipal Santa Luzia funciona parcialmente, com acesso pela entrada do gin\u00e1sio.<\/p>\n<p>&nbsp;<\/p>\n<p>Confira abaixo, na \u00edntegra, o edital do PSS 2023 da Semed Penedo<\/p>\n<p>&nbsp;<\/p>\n<p><a href=\"https:\/\/penedo.al.gov.br\/wp-content\/uploads\/2023\/01\/Edital-PSS-2023-Semed-Penedo.pdf\" target=\"_blank\" rel=\"noopener\"><strong>Edital PSS 2023 Semed Penedo<\/strong><\/a><\/p>\n<p>&nbsp;<\/p>\n<p>&nbsp;<\/p>\n<p>&nbsp;<\/p>\n<p>&nbsp;<\/p>\n<p><strong>Fonte: Secom PMP<\/strong><\/p>\n<p>&nbsp;<\/p>\n","protected":false},"excerpt":{"rendered":"<p>A Secretaria Municipal de Educa\u00e7\u00e3o (Semed) da Prefeitura de Penedo abre inscri\u00e7\u00e3o para Processo Seletivo Simplificado (PSS) a partir de ter\u00e7a-feira, 10 de janeiro. &nbsp; O PSS que visa o preenchimento de vagas \u00e9 necess\u00e1rio para iniciar o ano letivo 2023, no pr\u00f3ximo m\u00eas de fevereiro, quando tamb\u00e9m ocorrem as provas objetivas do concurso p\u00fablico &hellip;<\/p>\n","protected":false},"author":2,"featured_media":26535,"comment_status":"open","ping_status":"open","sticky":false,"template":"","format":"standard","meta":{"_jetpack_memberships_contains_paid_content":false,"footnotes":""},"categories":[1,3],"tags":[],"class_list":["post-26534","post","type-post","status-publish","format-standard","has-post-thumbnail","hentry","category-destaque","category-penedo"],"jetpack_featured_media_url":"https:\/\/www.oparanews.com.br\/wp-content\/uploads\/2023\/01\/sala-de-aula-escola-semed-penedo-5.jpeg","jetpack_sharing_enabled":true,"_links":{"self":[{"href":"https:\/\/www.oparanews.com.br\/index.php\/wp-json\/wp\/v2\/posts\/26534","targetHints":{"allow":["GET"]}}],"collection":[{"href":"https:\/\/www.oparanews.com.br\/index.php\/wp-json\/wp\/v2\/posts"}],"about":[{"href":"https:\/\/www.oparanews.com.br\/index.php\/wp-json\/wp\/v2\/types\/post"}],"author":[{"embeddable":true,"href":"https:\/\/www.oparanews.com.br\/index.php\/wp-json\/wp\/v2\/users\/2"}],"replies":[{"embeddable":true,"href":"https:\/\/www.oparanews.com.br\/index.php\/wp-json\/wp\/v2\/comments?post=26534"}],"version-history":[{"count":2,"href":"https:\/\/www.oparanews.com.br\/index.php\/wp-json\/wp\/v2\/posts\/26534\/revisions"}],"predecessor-version":[{"id":26537,"href":"https:\/\/www.oparanews.com.br\/index.php\/wp-json\/wp\/v2\/posts\/26534\/revisions\/26537"}],"wp:featuredmedia":[{"embeddable":true,"href":"https:\/\/www.oparanews.com.br\/index.php\/wp-json\/wp\/v2\/media\/26535"}],"wp:attachment":[{"href":"https:\/\/www.oparanews.com.br\/index.php\/wp-json\/wp\/v2\/media?parent=26534"}],"wp:term":[{"taxonomy":"category","embeddable":true,"href":"https:\/\/www.oparanews.com.br\/index.php\/wp-json\/wp\/v2\/categories?post=26534"},{"taxonomy":"post_tag","embeddable":true,"href":"https:\/\/www.oparanews.com.br\/index.php\/wp-json\/wp\/v2\/tags?post=26534"}],"curies":[{"name":"wp","href":"https:\/\/api.w.org\/{rel}","templated":true}]}}